{"id":10113,"date":"2025-05-26T01:43:00","date_gmt":"2025-05-25T22:43:00","guid":{"rendered":"https:\/\/saulesziedas.lt\/tradicine-kapela-kapelyta-mazulyta-lietuva\/"},"modified":"2025-06-12T14:42:23","modified_gmt":"2025-06-12T11:42:23","slug":"tradicine-kapela-kapelyta-mazulyta-lietuva","status":"publish","type":"post","link":"https:\/\/saulesziedas.lt\/en\/tradicine-kapela-kapelyta-mazulyta-lietuva\/","title":{"rendered":"LITHUANIA \ud83c\uddf1\ud83c\uddf9 TRADITIONAL FOLK MUSIC GROUP \u201cKAPELYTA MA\u017dULYTA\u201d"},"content":{"rendered":"<p>[et_pb_section fb_built=&#8221;1&#8243; _builder_version=&#8221;4.21.0&#8243; _module_preset=&#8221;default&#8221; custom_padding=&#8221;0px||0px||true|false&#8221; global_colors_info=&#8221;{}&#8221;][et_pb_row column_structure=&#8221;1_2,1_2&#8243; use_custom_gutter=&#8221;on&#8221; gutter_width=&#8221;2&#8243; _builder_version=&#8221;4.21.0&#8243; _module_preset=&#8221;default&#8221; global_colors_info=&#8221;{}&#8221;][et_pb_column type=&#8221;1_2&#8243; _builder_version=&#8221;4.21.0&#8243; _module_preset=&#8221;default&#8221; global_colors_info=&#8221;{}&#8221;][et_pb_text _builder_version=&#8221;4.21.0&#8243; _module_preset=&#8221;default&#8221; text_orientation=&#8221;justified&#8221; hover_enabled=&#8221;0&#8243; global_colors_info=&#8221;{}&#8221; sticky_enabled=&#8221;0&#8243;]<\/p>\n<p>\u00a0 \u00a0 \u00a0 The traditional folk band \u201cKapelyta ma\u017eulyta\u201d was formed two years ago. Four colleagues who share a love for music joined forces to perform together and actively contribute to the promotion of traditional music-making.<\/p>\n<p>\u00a0 \u00a0 \u00a0 The band\u2019s accordionist is the well-known folk musician K\u0119stutis Kuzmickas, whose original compositions are also featured in the ensemble\u2019s repertoire.<\/p>\n<p>\u00a0 \u00a0 \u00a0 The band actively performs and successfully participated in the centennial Lithuanian Song Festival. The ensemble has been awarded Category I status.<\/p>\n<p><strong>\u00a0 \u00a0 \u00a0 Artistic Director: Rasa Luko\u0161i\u016bnait\u0117<\/strong><\/p>\n<p>[\/et_pb_text][\/et_pb_column][et_pb_column type=&#8221;1_2&#8243; _builder_version=&#8221;4.21.0&#8243; _module_preset=&#8221;default&#8221; global_colors_info=&#8221;{}&#8221;][et_pb_gallery gallery_ids=&#8221;11017,11015,11013,11011&#8243; show_title_and_caption=&#8221;off&#8221; _builder_version=&#8221;4.21.0&#8243; _module_preset=&#8221;default&#8221; global_colors_info=&#8221;{}&#8221;][\/et_pb_gallery][\/et_pb_column][\/et_pb_row][\/et_pb_section]<\/p>\n","protected":false},"excerpt":{"rendered":"<p>\u00a0 \u00a0 \u00a0 The traditional folk band \u201cKapelyta ma\u017eulyta\u201d was formed two years ago. Four colleagues who share a love for music joined forces to perform together and actively contribute to the promotion of traditional music-making. \u00a0 \u00a0 \u00a0 The band\u2019s accordionist is the well-known folk musician K\u0119stutis Kuzmickas, whose original compositions are also featured [&hellip;]<\/p>\n","protected":false},"author":3,"featured_media":11011,"comment_status":"closed","ping_status":"closed","sticky":false,"template":"","format":"standard","meta":{"_et_pb_use_builder":"on","_et_pb_old_content":"","_et_gb_content_width":"","footnotes":""},"categories":[41],"tags":[],"class_list":["post-10113","post","type-post","status-publish","format-standard","has-post-thumbnail","hentry","category-contest-participantas-2025"],"_links":{"self":[{"href":"https:\/\/saulesziedas.lt\/en\/wp-json\/wp\/v2\/posts\/10113","targetHints":{"allow":["GET"]}}],"collection":[{"href":"https:\/\/saulesziedas.lt\/en\/wp-json\/wp\/v2\/posts"}],"about":[{"href":"https:\/\/saulesziedas.lt\/en\/wp-json\/wp\/v2\/types\/post"}],"author":[{"embeddable":true,"href":"https:\/\/saulesziedas.lt\/en\/wp-json\/wp\/v2\/users\/3"}],"replies":[{"embeddable":true,"href":"https:\/\/saulesziedas.lt\/en\/wp-json\/wp\/v2\/comments?post=10113"}],"version-history":[{"count":10,"href":"https:\/\/saulesziedas.lt\/en\/wp-json\/wp\/v2\/posts\/10113\/revisions"}],"predecessor-version":[{"id":11883,"href":"https:\/\/saulesziedas.lt\/en\/wp-json\/wp\/v2\/posts\/10113\/revisions\/11883"}],"wp:featuredmedia":[{"embeddable":true,"href":"https:\/\/saulesziedas.lt\/en\/wp-json\/wp\/v2\/media\/11011"}],"wp:attachment":[{"href":"https:\/\/saulesziedas.lt\/en\/wp-json\/wp\/v2\/media?parent=10113"}],"wp:term":[{"taxonomy":"category","embeddable":true,"href":"https:\/\/saulesziedas.lt\/en\/wp-json\/wp\/v2\/categories?post=10113"},{"taxonomy":"post_tag","embeddable":true,"href":"https:\/\/saulesziedas.lt\/en\/wp-json\/wp\/v2\/tags?post=10113"}],"curies":[{"name":"wp","href":"https:\/\/api.w.org\/{rel}","templated":true}]}}