{"id":10160,"date":"2025-05-27T01:10:00","date_gmt":"2025-05-26T22:10:00","guid":{"rendered":"https:\/\/saulesziedas.lt\/siauliu-dainu-muzikos-mokyklos-jaunimo-folkloro-ansamblis-vieverselis-lietuva\/"},"modified":"2025-06-12T13:25:55","modified_gmt":"2025-06-12T10:25:55","slug":"siauliu-dainu-muzikos-mokyklos-jaunimo-folkloro-ansamblis-vieverselis-lietuva","status":"publish","type":"post","link":"https:\/\/saulesziedas.lt\/en\/siauliu-dainu-muzikos-mokyklos-jaunimo-folkloro-ansamblis-vieverselis-lietuva\/","title":{"rendered":"LITHUANIA \ud83c\uddf1\ud83c\uddf9 \u0160IAULIAI DAINAI MUSIC SCHOOL\u2019S FOLK ENSEMBLE \u201cVIEVERS\u0116LIS\u201d"},"content":{"rendered":"<p>[et_pb_section fb_built=&#8221;1&#8243; _builder_version=&#8221;4.21.0&#8243; _module_preset=&#8221;default&#8221; custom_padding=&#8221;0px||0px||true|false&#8221; global_colors_info=&#8221;{}&#8221;][et_pb_row column_structure=&#8221;1_2,1_2&#8243; use_custom_gutter=&#8221;on&#8221; gutter_width=&#8221;2&#8243; _builder_version=&#8221;4.21.0&#8243; _module_preset=&#8221;default&#8221; global_colors_info=&#8221;{}&#8221;][et_pb_column type=&#8221;1_2&#8243; _builder_version=&#8221;4.21.0&#8243; _module_preset=&#8221;default&#8221; global_colors_info=&#8221;{}&#8221;][et_pb_text _builder_version=&#8221;4.21.0&#8243; _module_preset=&#8221;default&#8221; text_orientation=&#8221;justified&#8221; hover_enabled=&#8221;0&#8243; global_colors_info=&#8221;{}&#8221; sticky_enabled=&#8221;0&#8243;]<\/p>\n<p>\u00a0 \u00a0 \u00a0 The ensemble began its activity in 1998 at \u0160iauliai\u2019s 16th Secondary School (now \u201cSaul\u0117tekis\u201d Gymnasium) with 15 members. The concert programs consist of folk songs, games, and instrumental music from the Auk\u0161taitija and Samogitia regions. The members play instruments made by folk artisans as well as instruments they crafted themselves: skudu\u010diai, lumzdeliai, kankl\u0117s, drum, and basedl\u0117. The group also participated in the filming of basedl\u0117 making at the workshop of instrument craftsman Albertas Martinaitis.<\/p>\n<p>\u00a0 \u00a0 \u00a0 \u201cVievers\u0117lis\u201d performs at city and national festivals, seminars, conferences, cultural events, and calendar celebrations. In the summer, the ensemble participates in creative camps.<\/p>\n<p>\u00a0 \u00a0 \u00a0 The group implements ethnocultural projects, during which ethnographic material is collected on Lithuanian homes, toys, and musical instruments.<\/p>\n<p>\u00a0 \u00a0 \u00a0 They regularly participate in folk dance evenings, and every February, in cooperation with \u0160iauliai Culture Centre, they organize the \u201cVieversis\u201d dance evening.<\/p>\n<p><strong>\u00a0 \u00a0 \u00a0 Artistic Director: Ar\u016bnas Stankus<\/strong><\/p>\n<p>&nbsp;<\/p>\n<p>[\/et_pb_text][\/et_pb_column][et_pb_column type=&#8221;1_2&#8243; _builder_version=&#8221;4.21.0&#8243; _module_preset=&#8221;default&#8221; global_colors_info=&#8221;{}&#8221;][et_pb_gallery gallery_ids=&#8221;10962,10960,10958,10956,10954,10952,10950,10948,10946,10944&#8243; show_title_and_caption=&#8221;off&#8221; _builder_version=&#8221;4.21.0&#8243; _module_preset=&#8221;default&#8221; global_colors_info=&#8221;{}&#8221;][\/et_pb_gallery][\/et_pb_column][\/et_pb_row][\/et_pb_section]<\/p>\n","protected":false},"excerpt":{"rendered":"<p>\u00a0 \u00a0 \u00a0 The ensemble began its activity in 1998 at \u0160iauliai\u2019s 16th Secondary School (now \u201cSaul\u0117tekis\u201d Gymnasium) with 15 members. The concert programs consist of folk songs, games, and instrumental music from the Auk\u0161taitija and Samogitia regions. The members play instruments made by folk artisans as well as instruments they crafted themselves: skudu\u010diai, lumzdeliai, [&hellip;]<\/p>\n","protected":false},"author":3,"featured_media":10948,"comment_status":"closed","ping_status":"closed","sticky":false,"template":"","format":"standard","meta":{"_et_pb_use_builder":"on","_et_pb_old_content":"","_et_gb_content_width":"","footnotes":""},"categories":[42],"tags":[],"class_list":["post-10160","post","type-post","status-publish","format-standard","has-post-thumbnail","hentry","category-festival-participants-2025"],"_links":{"self":[{"href":"https:\/\/saulesziedas.lt\/en\/wp-json\/wp\/v2\/posts\/10160","targetHints":{"allow":["GET"]}}],"collection":[{"href":"https:\/\/saulesziedas.lt\/en\/wp-json\/wp\/v2\/posts"}],"about":[{"href":"https:\/\/saulesziedas.lt\/en\/wp-json\/wp\/v2\/types\/post"}],"author":[{"embeddable":true,"href":"https:\/\/saulesziedas.lt\/en\/wp-json\/wp\/v2\/users\/3"}],"replies":[{"embeddable":true,"href":"https:\/\/saulesziedas.lt\/en\/wp-json\/wp\/v2\/comments?post=10160"}],"version-history":[{"count":13,"href":"https:\/\/saulesziedas.lt\/en\/wp-json\/wp\/v2\/posts\/10160\/revisions"}],"predecessor-version":[{"id":11856,"href":"https:\/\/saulesziedas.lt\/en\/wp-json\/wp\/v2\/posts\/10160\/revisions\/11856"}],"wp:featuredmedia":[{"embeddable":true,"href":"https:\/\/saulesziedas.lt\/en\/wp-json\/wp\/v2\/media\/10948"}],"wp:attachment":[{"href":"https:\/\/saulesziedas.lt\/en\/wp-json\/wp\/v2\/media?parent=10160"}],"wp:term":[{"taxonomy":"category","embeddable":true,"href":"https:\/\/saulesziedas.lt\/en\/wp-json\/wp\/v2\/categories?post=10160"},{"taxonomy":"post_tag","embeddable":true,"href":"https:\/\/saulesziedas.lt\/en\/wp-json\/wp\/v2\/tags?post=10160"}],"curies":[{"name":"wp","href":"https:\/\/api.w.org\/{rel}","templated":true}]}}