{"id":1444,"date":"2023-06-27T12:49:22","date_gmt":"2023-06-27T09:49:22","guid":{"rendered":"https:\/\/saulesziedas.lt\/verdene-lithuania\/"},"modified":"2023-06-30T16:17:51","modified_gmt":"2023-06-30T13:17:51","slug":"verdene-lithuania","status":"publish","type":"post","link":"https:\/\/saulesziedas.lt\/en\/verdene-lithuania\/","title":{"rendered":"\u201eVerden\u0117\u201c (Lithuania)"},"content":{"rendered":"<p>[et_pb_section fb_built=&#8221;1&#8243; _builder_version=&#8221;4.21.0&#8243; _module_preset=&#8221;default&#8221; custom_padding=&#8221;0px||0px||true|false&#8221; global_colors_info=&#8221;{}&#8221; theme_builder_area=&#8221;post_content&#8221;][et_pb_row column_structure=&#8221;1_2,1_2&#8243; use_custom_gutter=&#8221;on&#8221; gutter_width=&#8221;2&#8243; _builder_version=&#8221;4.21.0&#8243; _module_preset=&#8221;default&#8221; global_colors_info=&#8221;{}&#8221; theme_builder_area=&#8221;post_content&#8221;][et_pb_column type=&#8221;1_2&#8243; _builder_version=&#8221;4.21.0&#8243; _module_preset=&#8221;default&#8221; global_colors_info=&#8221;{}&#8221; theme_builder_area=&#8221;post_content&#8221;][et_pb_text _builder_version=&#8221;4.21.0&#8243; _module_preset=&#8221;default&#8221; text_orientation=&#8221;justified&#8221; hover_enabled=&#8221;0&#8243; global_colors_info=&#8221;{}&#8221; theme_builder_area=&#8221;post_content&#8221; sticky_enabled=&#8221;0&#8243;]<\/p>\n<p>Ansamblis \u201eVerden\u0117\u201c susik\u016br\u0117 1991m. \u0160iuo metu kolektyvo veikloje dalyvauja 20 nari\u0173. Ansamblis \u201eVerden\u0117\u201c autenti\u0161ku liaudies dain\u0173 atlikimu d\u017eiugina rajono, respublikos \u017ei\u016brovus, aktyviai dalyvauja \u012fvairiose folkloro \u0161vent\u0117se, koncertiniuose pasirodymuose rajono renginiuose ir i\u0161vykose.<\/p>\n<p>2021m. respublikiniame istorin\u0117s dainos konkurse peln\u0117 geriausio folklorinio kolektyvo nominacij\u0105 ir paskatinam\u0105j\u012f priz\u0105.<\/p>\n<p>Ansamblis turi koncertin\u0117s patirties ir svetur \u2013 1996 metais dalyvavo Europiadoje, Italijoje, Turino mieste, bei Europiadoje Ispanijoje Zamoros mieste.<br \/>2022 metais \u201eVerden\u0117\u201c dalyvavo \u0160iauli\u0173 apskrities dain\u0173 \u0161vent\u0117je Kur\u0161\u0117nuose, respublikin\u0117je folkloro ir kapel\u0173 \u0161vent\u0117je \u017dagar\u0117je, folkloro \u0161vent\u0117je ant Luponi\u0173 piliakalnio.<\/p>\n<p>Kolektyv\u0105 vienija ne tik meil\u0117 dainai ir \u0161okiui, bet ir bendros tradicijos, jubiliejai, vakaron\u0117s.<\/p>\n<p>Vadov\u0117 Ramun\u0117 Petraitien\u0117<\/p>\n<p>[\/et_pb_text][\/et_pb_column][et_pb_column type=&#8221;1_2&#8243; _builder_version=&#8221;4.21.0&#8243; _module_preset=&#8221;default&#8221; global_colors_info=&#8221;{}&#8221; theme_builder_area=&#8221;post_content&#8221;][et_pb_image src=&#8221;https:\/\/saulesziedas.lt\/wp-content\/uploads\/verdene.jpg&#8221; title_text=&#8221;verdene&#8221; _builder_version=&#8221;4.21.0&#8243; _module_preset=&#8221;default&#8221; hover_enabled=&#8221;0&#8243; global_colors_info=&#8221;{}&#8221; theme_builder_area=&#8221;post_content&#8221; sticky_enabled=&#8221;0&#8243;][\/et_pb_image][\/et_pb_column][\/et_pb_row][\/et_pb_section]<\/p>\n","protected":false},"excerpt":{"rendered":"<p>Ansamblis \u201eVerden\u0117\u201c susik\u016br\u0117 1991m. \u0160iuo metu kolektyvo veikloje dalyvauja 20 nari\u0173. Ansamblis \u201eVerden\u0117\u201c autenti\u0161ku liaudies dain\u0173 atlikimu d\u017eiugina rajono, respublikos \u017ei\u016brovus, aktyviai dalyvauja \u012fvairiose folkloro \u0161vent\u0117se, koncertiniuose pasirodymuose rajono renginiuose ir i\u0161vykose. 2021m. respublikiniame istorin\u0117s dainos konkurse peln\u0117 geriausio folklorinio kolektyvo nominacij\u0105 ir paskatinam\u0105j\u012f priz\u0105. Ansamblis turi koncertin\u0117s patirties ir svetur \u2013 1996 metais dalyvavo [&hellip;]<\/p>\n","protected":false},"author":2,"featured_media":228,"comment_status":"closed","ping_status":"closed","sticky":false,"template":"","format":"standard","meta":{"_et_pb_use_builder":"on","_et_pb_old_content":"","_et_gb_content_width":"","footnotes":""},"categories":[32],"tags":[],"class_list":["post-1444","post","type-post","status-publish","format-standard","has-post-thumbnail","hentry","category-participants-of-the-contest-2023"],"_links":{"self":[{"href":"https:\/\/saulesziedas.lt\/en\/wp-json\/wp\/v2\/posts\/1444","targetHints":{"allow":["GET"]}}],"collection":[{"href":"https:\/\/saulesziedas.lt\/en\/wp-json\/wp\/v2\/posts"}],"about":[{"href":"https:\/\/saulesziedas.lt\/en\/wp-json\/wp\/v2\/types\/post"}],"author":[{"embeddable":true,"href":"https:\/\/saulesziedas.lt\/en\/wp-json\/wp\/v2\/users\/2"}],"replies":[{"embeddable":true,"href":"https:\/\/saulesziedas.lt\/en\/wp-json\/wp\/v2\/comments?post=1444"}],"version-history":[{"count":2,"href":"https:\/\/saulesziedas.lt\/en\/wp-json\/wp\/v2\/posts\/1444\/revisions"}],"predecessor-version":[{"id":1446,"href":"https:\/\/saulesziedas.lt\/en\/wp-json\/wp\/v2\/posts\/1444\/revisions\/1446"}],"wp:featuredmedia":[{"embeddable":true,"href":"https:\/\/saulesziedas.lt\/en\/wp-json\/wp\/v2\/media\/228"}],"wp:attachment":[{"href":"https:\/\/saulesziedas.lt\/en\/wp-json\/wp\/v2\/media?parent=1444"}],"wp:term":[{"taxonomy":"category","embeddable":true,"href":"https:\/\/saulesziedas.lt\/en\/wp-json\/wp\/v2\/categories?post=1444"},{"taxonomy":"post_tag","embeddable":true,"href":"https:\/\/saulesziedas.lt\/en\/wp-json\/wp\/v2\/tags?post=1444"}],"curies":[{"name":"wp","href":"https:\/\/api.w.org\/{rel}","templated":true}]}}