{"id":1482,"date":"2023-06-28T10:44:18","date_gmt":"2023-06-28T07:44:18","guid":{"rendered":"https:\/\/saulesziedas.lt\/childrens-folklore-ensemble-of-the-silale-district-municipal-cultural-center-laukva-cultural-house-duzginelis-lithuania\/"},"modified":"2023-06-30T16:28:33","modified_gmt":"2023-06-30T13:28:33","slug":"childrens-folklore-ensemble-of-the-silale-district-municipal-cultural-center-laukva-cultural-house-duzginelis-lithuania","status":"publish","type":"post","link":"https:\/\/saulesziedas.lt\/en\/childrens-folklore-ensemble-of-the-silale-district-municipal-cultural-center-laukva-cultural-house-duzginelis-lithuania\/","title":{"rendered":"Children&#8217;s Folklore Ensemble of the \u0160ilal\u0117 District Municipal Cultural Center Laukva Cultural House \u201eD\u016bzgin\u0117lis\u201c (Lithuania)"},"content":{"rendered":"<p>[et_pb_section fb_built=&#8221;1&#8243; _builder_version=&#8221;4.21.0&#8243; _module_preset=&#8221;default&#8221; custom_padding=&#8221;0px||0px||true|false&#8221; global_colors_info=&#8221;{}&#8221; theme_builder_area=&#8221;post_content&#8221;][et_pb_row column_structure=&#8221;1_2,1_2&#8243; use_custom_gutter=&#8221;on&#8221; gutter_width=&#8221;2&#8243; _builder_version=&#8221;4.21.0&#8243; _module_preset=&#8221;default&#8221; global_colors_info=&#8221;{}&#8221; theme_builder_area=&#8221;post_content&#8221;][et_pb_column type=&#8221;1_2&#8243; _builder_version=&#8221;4.21.0&#8243; _module_preset=&#8221;default&#8221; global_colors_info=&#8221;{}&#8221; theme_builder_area=&#8221;post_content&#8221;][et_pb_text _builder_version=&#8221;4.21.0&#8243; _module_preset=&#8221;default&#8221; text_orientation=&#8221;justified&#8221; hover_enabled=&#8221;0&#8243; global_colors_info=&#8221;{}&#8221; theme_builder_area=&#8221;post_content&#8221; sticky_enabled=&#8221;0&#8243;]<\/p>\n<p>\u0160ilal\u0117s r. sav. kult\u016bros centro Laukuvos kult\u016bros nam\u0173 vaik\u0173 folkloro ansamblis ,,D\u016bzgin\u0117lis\u201c suburtas 2017 metais. Kolektyv\u0105 lanko per 30 vaik\u0173, kuri\u0173 am\u017eius nuo 9 iki 17 met\u0173. Nors kolektyvas dar jaunas, bet jau tikrai nema\u017eai nuveik\u0119s.<\/p>\n<p>Tarptautiniai festivaliai:<br \/>2018 m. baland\u017eio 25-29 dienomis \u0160ilal\u0117s r. Laukuvos kult\u016bros nam\u0173 vaik\u0173 folkloro ansamblis \u201eD\u016bzgin\u0117lis\u201c dalyvavo tarptautiniame vaik\u0173 folkloro festivalyje \u201ePavasario pasaka Tatruose\u201c, kuris vyko Lenkijos Podhalo regione 2019 m. rugpj\u016b\u010dio 22-27 dienomis dalyvavome tarptautiniame folkloro festivalyje \u201ePraha 2019\u201c, kuris vyko Prahoje. 2021 ir 2022 m. dalyvavo tarptautiniame folkloro festivalyje \u201ePokrovskije kolokola\u201c, kuris vyko Vilniaus Rotu\u0161\u0117je. 2022 rugpj\u016b\u010dio 29 \u2013 rugs\u0117jo 7 d. \u2013 tarptautiniame festivalyje \u201eEtno ritmai 2022\u201c, kuris vyko Bulgarijoje.<\/p>\n<p>Vadov\u0117 Olga Jogminien\u0117<\/p>\n<p>[\/et_pb_text][\/et_pb_column][et_pb_column type=&#8221;1_2&#8243; _builder_version=&#8221;4.21.0&#8243; _module_preset=&#8221;default&#8221; global_colors_info=&#8221;{}&#8221; theme_builder_area=&#8221;post_content&#8221;][et_pb_image src=&#8221;https:\/\/saulesziedas.lt\/wp-content\/uploads\/Duzginelis-Laukuva.jpg&#8221; title_text=&#8221;D\u016bzgin\u0117lis,-Laukuva&#8221; _builder_version=&#8221;4.21.0&#8243; _module_preset=&#8221;default&#8221; hover_enabled=&#8221;0&#8243; global_colors_info=&#8221;{}&#8221; theme_builder_area=&#8221;post_content&#8221; sticky_enabled=&#8221;0&#8243;][\/et_pb_image][\/et_pb_column][\/et_pb_row][\/et_pb_section]<\/p>\n","protected":false},"excerpt":{"rendered":"<p>\u0160ilal\u0117s r. sav. kult\u016bros centro Laukuvos kult\u016bros nam\u0173 vaik\u0173 folkloro ansamblis ,,D\u016bzgin\u0117lis\u201c suburtas 2017 metais. Kolektyv\u0105 lanko per 30 vaik\u0173, kuri\u0173 am\u017eius nuo 9 iki 17 met\u0173. Nors kolektyvas dar jaunas, bet jau tikrai nema\u017eai nuveik\u0119s. Tarptautiniai festivaliai:2018 m. baland\u017eio 25-29 dienomis \u0160ilal\u0117s r. Laukuvos kult\u016bros nam\u0173 vaik\u0173 folkloro ansamblis \u201eD\u016bzgin\u0117lis\u201c dalyvavo tarptautiniame vaik\u0173 folkloro [&hellip;]<\/p>\n","protected":false},"author":2,"featured_media":855,"comment_status":"closed","ping_status":"closed","sticky":false,"template":"","format":"standard","meta":{"_et_pb_use_builder":"on","_et_pb_old_content":"","_et_gb_content_width":"","footnotes":""},"categories":[31],"tags":[],"class_list":["post-1482","post","type-post","status-publish","format-standard","has-post-thumbnail","hentry","category-participants-of-the-festival-2023"],"_links":{"self":[{"href":"https:\/\/saulesziedas.lt\/en\/wp-json\/wp\/v2\/posts\/1482","targetHints":{"allow":["GET"]}}],"collection":[{"href":"https:\/\/saulesziedas.lt\/en\/wp-json\/wp\/v2\/posts"}],"about":[{"href":"https:\/\/saulesziedas.lt\/en\/wp-json\/wp\/v2\/types\/post"}],"author":[{"embeddable":true,"href":"https:\/\/saulesziedas.lt\/en\/wp-json\/wp\/v2\/users\/2"}],"replies":[{"embeddable":true,"href":"https:\/\/saulesziedas.lt\/en\/wp-json\/wp\/v2\/comments?post=1482"}],"version-history":[{"count":2,"href":"https:\/\/saulesziedas.lt\/en\/wp-json\/wp\/v2\/posts\/1482\/revisions"}],"predecessor-version":[{"id":1484,"href":"https:\/\/saulesziedas.lt\/en\/wp-json\/wp\/v2\/posts\/1482\/revisions\/1484"}],"wp:featuredmedia":[{"embeddable":true,"href":"https:\/\/saulesziedas.lt\/en\/wp-json\/wp\/v2\/media\/855"}],"wp:attachment":[{"href":"https:\/\/saulesziedas.lt\/en\/wp-json\/wp\/v2\/media?parent=1482"}],"wp:term":[{"taxonomy":"category","embeddable":true,"href":"https:\/\/saulesziedas.lt\/en\/wp-json\/wp\/v2\/categories?post=1482"},{"taxonomy":"post_tag","embeddable":true,"href":"https:\/\/saulesziedas.lt\/en\/wp-json\/wp\/v2\/tags?post=1482"}],"curies":[{"name":"wp","href":"https:\/\/api.w.org\/{rel}","templated":true}]}}