{"id":1531,"date":"2023-06-28T12:15:35","date_gmt":"2023-06-28T09:15:35","guid":{"rendered":"https:\/\/saulesziedas.lt\/loreta-sungailiene-lithuania\/"},"modified":"2023-06-30T16:41:51","modified_gmt":"2023-06-30T13:41:51","slug":"loreta-sungailiene-lithuania","status":"publish","type":"post","link":"https:\/\/saulesziedas.lt\/en\/loreta-sungailiene-lithuania\/","title":{"rendered":"Loreta Sungailien\u0117 (Lithuania)"},"content":{"rendered":"<p>[et_pb_section fb_built=&#8221;1&#8243; _builder_version=&#8221;4.21.0&#8243; _module_preset=&#8221;default&#8221; custom_padding=&#8221;0px||0px||true|false&#8221; global_colors_info=&#8221;{}&#8221; theme_builder_area=&#8221;post_content&#8221;][et_pb_row column_structure=&#8221;1_2,1_2&#8243; use_custom_gutter=&#8221;on&#8221; gutter_width=&#8221;2&#8243; _builder_version=&#8221;4.21.0&#8243; _module_preset=&#8221;default&#8221; global_colors_info=&#8221;{}&#8221; theme_builder_area=&#8221;post_content&#8221;][et_pb_column type=&#8221;1_2&#8243; _builder_version=&#8221;4.21.0&#8243; _module_preset=&#8221;default&#8221; global_colors_info=&#8221;{}&#8221; theme_builder_area=&#8221;post_content&#8221;][et_pb_text _builder_version=&#8221;4.21.0&#8243; _module_preset=&#8221;default&#8221; text_orientation=&#8221;justified&#8221; hover_enabled=&#8221;0&#8243; global_colors_info=&#8221;{}&#8221; theme_builder_area=&#8221;post_content&#8221; sticky_enabled=&#8221;0&#8243;]<\/p>\n<p>Loreta Sungailien\u0117 (Mukait\u0117) \u2013 etnomuzikolog\u0117, humanitarini\u0173 moksl\u0173 daktar\u0117, folkloro tyrin\u0117toja ir atlik\u0117ja, Lietuvos nacionalinio kult\u016bros centro Etnin\u0117s kult\u016bros skyriaus Nematerialaus kult\u016bros paveldo specialist\u0117, etnin\u0117s kult\u016bros projekt\u0173 iniciator\u0117 ir vadov\u0117.<\/p>\n<p>2001 m. \u012fgijo magistro laipsn\u012f, 2007 m. apgyn\u0117 humanitarini\u0173 moksl\u0173 disertacij\u0105 apie \u017eemai\u010di\u0173 liaudies dain\u0173 intonacinius modelius ir artikuliacij\u0105. Yra publikavusi mokslini\u0173, metodini\u0173, informacini\u0173 straipsni\u0173, recenzij\u0173. Nuolat skaito paskaitas, veda mokymus respublikiniuose, regioniniuose ir savivaldos lygmens seminaruose, dalyvauja ir skaito prane\u0161imus tarptautiniuose nematerialaus kult\u016bros paveldo apsaugai skirtuose forumuose.<\/p>\n<p>L. Sungailien\u0117 aktyviai bendradarbiauja ne tik su Lietuvos folkloro kolektyvais, bet ir su kit\u0173 tautin\u0119 kult\u016br\u0105 reprezentuojan\u010di\u0173 \u017eanr\u0173 kolektyvais \u2013 liaudi\u0161kos muzikos kapelomis, tautini\u0173 \u0161oki\u0173 kolektyvais, dain\u0173 ir \u0161oki\u0173 ansambliais, tautini\u0173 bendrij\u0173 meno m\u0117g\u0117j\u0173 kolektyvais. Yra metodini\u0173 leidini\u0173 ir garso bei vaizdo publikacij\u0173 sudarytoja, scenarij\u0173 autor\u0117. Nuo 2000 m. yra Folkloro kolektyv\u0173 ir j\u0173 vadov\u0173 met\u0173 nominacijos \u201eAukso pauk\u0161t\u0117\u201c skyrimo komisijos nar\u0117, nuo 2003 m. yra Dain\u0173 \u0161vent\u0117s Folkloro dienos k\u016brybin\u0117s grup\u0117s, tarptautinio folkloro festivalio \u201eBaltica\u201c k\u016brybin\u0117s grup\u0117s nar\u0117. 2008\u20132010 m. ir nuo 2015 m. \u2013 ilgalaik\u0117s valstybin\u0117s nematerialaus kult\u016bros paveldo apsaugos programos \u201eTradicin\u0117s kult\u016bros vertybi\u0173 s\u0105vadas\u201c metodin\u0117s grup\u0117s nar\u0117 ir Lietuvos nematerialaus kult\u016bros paveldo vertybi\u0173 s\u0105vado veiklos grup\u0117s bei ekspert\u0173 komisijos nar\u0117.<\/p>\n<p>Nuo 2000 m. dirba LRT televizijoje kaip laid\u0173 ved\u0117ja. Vadovauja Akademinio \u017eemai\u010di\u0173 jaunimo korporacijai \u201eSamogitia\u201c ir Vilniaus m. jaun\u0173 \u0161eim\u0173 folkloro kolektyvui \u201eVirvyt\u0117\u201c (gyvuoja nuo 1995 m., kolektyvas yra peln\u0119s presti\u017ein\u012f meno m\u0117g\u0117j\u0173 kolektyv\u0173 apdovanojim\u0105 \u201eAukso pauk\u0161t\u0117\u201c). L. Sungailien\u0117 &#8211; kult\u016brini\u0173 projekt\u0173 ir rengini\u0173 Lietuvos regionuose iniciator\u0117, autor\u0117 ir dalyv\u0117. Yra \u012fra\u0161iusi solin\u0119 \u017eemai\u010di\u0173 ir pamario kra\u0161to liaudies dain\u0173 kompaktin\u0119 plok\u0161tel\u0119, sudariusi ir i\u0161leidusi nema\u017eai folkloro garso \u012fra\u0161\u0173 publikacij\u0173. Etnomuzikolog\u0117 ne tik kaip liaudies dain\u0173 tyrin\u0117toja, atlik\u0117ja, bet ir kaip \u012fvairi\u0173 \u0161iuolaikinio folkloro projekt\u0173 (\u201eFolk\u0161okas\u201c, \u201eSutartin\u0117s party\u201c, \u201eZAP.4 elementai\u201c ir kt.) dalyv\u0117. Nuo 2018 m. yra folk d\u017eiazo muzikos projekt\u0173 \u201eLietuvos trombon\u0173 projektas ir Loreta Sungailien\u0117\u201c ir \u201eLoreta&amp;Vytautas folkjazz trio\u201d vokalist\u0117. Su kolektyvais ir kaip solist\u0117 yra koncertavusi \u012fvairiose pasaulio \u0161alyse. <\/p>\n<p>2012 m. etnomuzikologei paskirtas LR Socialin\u0117s apsaugos ir darbo ministerijos apdovanojimas \u2013 nominacija \u201eU\u017e lietuvi\u0161ko folkloro puosel\u0117jim\u0105 tarp kart\u0173\u201c. 2013 m. LR Prezident\u0117s Dalios Grybauskait\u0117s valstybinis apdovanojimas \u2013 ordino \u201eU\u017e nuopelnus Lietuvai\u201c medalis.<\/p>\n<p>[\/et_pb_text][\/et_pb_column][et_pb_column type=&#8221;1_2&#8243; _builder_version=&#8221;4.21.0&#8243; _module_preset=&#8221;default&#8221; global_colors_info=&#8221;{}&#8221; theme_builder_area=&#8221;post_content&#8221;][et_pb_image src=&#8221;https:\/\/saulesziedas.lt\/wp-content\/uploads\/Loreta-Sungailiene.jpg&#8221; title_text=&#8221;Loreta Sungailien\u0117&#8221; _builder_version=&#8221;4.21.0&#8243; _module_preset=&#8221;default&#8221; hover_enabled=&#8221;0&#8243; global_colors_info=&#8221;{}&#8221; theme_builder_area=&#8221;post_content&#8221; sticky_enabled=&#8221;0&#8243;][\/et_pb_image][\/et_pb_column][\/et_pb_row][\/et_pb_section]<\/p>\n","protected":false},"excerpt":{"rendered":"<p>Loreta Sungailien\u0117 (Mukait\u0117) \u2013 etnomuzikolog\u0117, humanitarini\u0173 moksl\u0173 daktar\u0117, folkloro tyrin\u0117toja ir atlik\u0117ja, Lietuvos nacionalinio kult\u016bros centro Etnin\u0117s kult\u016bros skyriaus Nematerialaus kult\u016bros paveldo specialist\u0117, etnin\u0117s kult\u016bros projekt\u0173 iniciator\u0117 ir vadov\u0117. 2001 m. \u012fgijo magistro laipsn\u012f, 2007 m. apgyn\u0117 humanitarini\u0173 moksl\u0173 disertacij\u0105 apie \u017eemai\u010di\u0173 liaudies dain\u0173 intonacinius modelius ir artikuliacij\u0105. Yra publikavusi mokslini\u0173, metodini\u0173, informacini\u0173 straipsni\u0173, recenzij\u0173. [&hellip;]<\/p>\n","protected":false},"author":2,"featured_media":1016,"comment_status":"closed","ping_status":"open","sticky":false,"template":"","format":"standard","meta":{"_et_pb_use_builder":"on","_et_pb_old_content":"","_et_gb_content_width":"","footnotes":""},"categories":[31],"tags":[],"class_list":["post-1531","post","type-post","status-publish","format-standard","has-post-thumbnail","hentry","category-participants-of-the-festival-2023"],"_links":{"self":[{"href":"https:\/\/saulesziedas.lt\/en\/wp-json\/wp\/v2\/posts\/1531","targetHints":{"allow":["GET"]}}],"collection":[{"href":"https:\/\/saulesziedas.lt\/en\/wp-json\/wp\/v2\/posts"}],"about":[{"href":"https:\/\/saulesziedas.lt\/en\/wp-json\/wp\/v2\/types\/post"}],"author":[{"embeddable":true,"href":"https:\/\/saulesziedas.lt\/en\/wp-json\/wp\/v2\/users\/2"}],"replies":[{"embeddable":true,"href":"https:\/\/saulesziedas.lt\/en\/wp-json\/wp\/v2\/comments?post=1531"}],"version-history":[{"count":1,"href":"https:\/\/saulesziedas.lt\/en\/wp-json\/wp\/v2\/posts\/1531\/revisions"}],"predecessor-version":[{"id":1532,"href":"https:\/\/saulesziedas.lt\/en\/wp-json\/wp\/v2\/posts\/1531\/revisions\/1532"}],"wp:featuredmedia":[{"embeddable":true,"href":"https:\/\/saulesziedas.lt\/en\/wp-json\/wp\/v2\/media\/1016"}],"wp:attachment":[{"href":"https:\/\/saulesziedas.lt\/en\/wp-json\/wp\/v2\/media?parent=1531"}],"wp:term":[{"taxonomy":"category","embeddable":true,"href":"https:\/\/saulesziedas.lt\/en\/wp-json\/wp\/v2\/categories?post=1531"},{"taxonomy":"post_tag","embeddable":true,"href":"https:\/\/saulesziedas.lt\/en\/wp-json\/wp\/v2\/tags?post=1531"}],"curies":[{"name":"wp","href":"https:\/\/api.w.org\/{rel}","templated":true}]}}