{"id":1533,"date":"2023-06-28T12:18:06","date_gmt":"2023-06-28T09:18:06","guid":{"rendered":"https:\/\/saulesziedas.lt\/jonas-chockevicius-lithuania\/"},"modified":"2023-06-30T16:42:43","modified_gmt":"2023-06-30T13:42:43","slug":"jonas-chockevicius-lithuania","status":"publish","type":"post","link":"https:\/\/saulesziedas.lt\/en\/jonas-chockevicius-lithuania\/","title":{"rendered":"Jonas Chockevi\u010dius (Lithuania)"},"content":{"rendered":"<p>[et_pb_section fb_built=&#8221;1&#8243; _builder_version=&#8221;4.21.0&#8243; _module_preset=&#8221;default&#8221; custom_padding=&#8221;0px||0px||true|false&#8221; global_colors_info=&#8221;{}&#8221; theme_builder_area=&#8221;post_content&#8221;][et_pb_row column_structure=&#8221;1_2,1_2&#8243; use_custom_gutter=&#8221;on&#8221; gutter_width=&#8221;2&#8243; _builder_version=&#8221;4.21.0&#8243; _module_preset=&#8221;default&#8221; global_colors_info=&#8221;{}&#8221; theme_builder_area=&#8221;post_content&#8221;][et_pb_column type=&#8221;1_2&#8243; _builder_version=&#8221;4.21.0&#8243; _module_preset=&#8221;default&#8221; global_colors_info=&#8221;{}&#8221; theme_builder_area=&#8221;post_content&#8221;][et_pb_text _builder_version=&#8221;4.21.0&#8243; _module_preset=&#8221;default&#8221; text_orientation=&#8221;justified&#8221; hover_enabled=&#8221;0&#8243; global_colors_info=&#8221;{}&#8221; theme_builder_area=&#8221;post_content&#8221; sticky_enabled=&#8221;0&#8243;]<\/p>\n<p>Jonas Chockevi\u010dius \u2013 kompozitorius ir atlik\u0117jas, vir\u0161 20 met\u0173 dirbantis Lietuvos muzikin\u0117je scenoje. Vienas i\u0161 esmini\u0173 Jono k\u016brybinio kelio akcent\u0173 yra patriotinio roko \u2013 metalo grup\u0117 \u201eThundertale\u201c. Jonas yra vienas i\u0161 grup\u0117s \u012fk\u016br\u0117j\u0173, ilgametis narys ir daugelio dain\u0173 autorius. Viena \u017einomiausi\u0173 Jono aran\u017euot\u0173 dain\u0173, Thundertale vizitin\u0117 kortel\u0117, daina \u201e\u017dem\u0117j Lietuvos\u201c. Per 18 grup\u0117s gyvavimo met\u0173, dalyvavo ne viename TV projekte, grojo festivaliuose, koncertuose.<\/p>\n<p>Kartu su kitais \u017einomais Lietuvos muzikos atlik\u0117jais, tokiais kaip Liudas Mikalauskas, Egidijus Bavikinas ir kt. pastat\u0117 roko oper\u0105 \u201ePriesaika\u201c, skirt\u0105 partizan\u0173 atminimui. Jonas vienas i\u0161 bendraautori\u0173 ir atlik\u0117j\u0173.<br \/>2019 \u012fk\u016br\u0117 grup\u0119 Prad\u017eiapati. Jau i\u0161leisti fiziniu pavidalu du solo muzikiniai albumai (\u201eV\u0117j\u0173 \u0161ventyklos ruduo\u201c ir \u201e\u017diema\u201c), kuriuos galite \u012fsigyti ar paklausyti internetin\u0117je erdv\u0117je.<\/p>\n<p>2019 metais Jono rankose suskambo kankl\u0117s. Neju\u010dia jos pakeit\u0117 gitar\u0105. Skambesys taip u\u017eb\u016br\u0117, kad \u0161iuo metu Jonas jas ir gamina.<br \/>Veda seminarus, edukacijas vaikams ir suaugusiems, pristatydamas lietuvi\u0173 tautos muzikin\u012f paveld\u0105, dainas, senuosius muzikos instrumentus. \u0160iuo metu Kardok\u0173 Gamtos mokyklos muzikos mokytojas.<\/p>\n<p>Jonas yra etnomuzikin\u0117s pasakos, kuri\u0105 suk\u016br\u0117 kartu su Kauno miesto muziejumi, animacinio filmuko \u201eTi ta to\u201c scenarijaus, garso takelio ir muzikos autorius.<\/p>\n<p>[\/et_pb_text][\/et_pb_column][et_pb_column type=&#8221;1_2&#8243; _builder_version=&#8221;4.21.0&#8243; _module_preset=&#8221;default&#8221; global_colors_info=&#8221;{}&#8221; theme_builder_area=&#8221;post_content&#8221;][et_pb_image src=&#8221;https:\/\/saulesziedas.lt\/wp-content\/uploads\/jonas.jpg&#8221; title_text=&#8221;jonas&#8221; _builder_version=&#8221;4.21.0&#8243; _module_preset=&#8221;default&#8221; hover_enabled=&#8221;0&#8243; global_colors_info=&#8221;{}&#8221; theme_builder_area=&#8221;post_content&#8221; sticky_enabled=&#8221;0&#8243;][\/et_pb_image][\/et_pb_column][\/et_pb_row][\/et_pb_section]<\/p>\n","protected":false},"excerpt":{"rendered":"<p>Jonas Chockevi\u010dius \u2013 kompozitorius ir atlik\u0117jas, vir\u0161 20 met\u0173 dirbantis Lietuvos muzikin\u0117je scenoje. Vienas i\u0161 esmini\u0173 Jono k\u016brybinio kelio akcent\u0173 yra patriotinio roko \u2013 metalo grup\u0117 \u201eThundertale\u201c. Jonas yra vienas i\u0161 grup\u0117s \u012fk\u016br\u0117j\u0173, ilgametis narys ir daugelio dain\u0173 autorius. Viena \u017einomiausi\u0173 Jono aran\u017euot\u0173 dain\u0173, Thundertale vizitin\u0117 kortel\u0117, daina \u201e\u017dem\u0117j Lietuvos\u201c. Per 18 grup\u0117s gyvavimo met\u0173, [&hellip;]<\/p>\n","protected":false},"author":2,"featured_media":1024,"comment_status":"closed","ping_status":"closed","sticky":false,"template":"","format":"standard","meta":{"_et_pb_use_builder":"on","_et_pb_old_content":"","_et_gb_content_width":"","footnotes":""},"categories":[31],"tags":[],"class_list":["post-1533","post","type-post","status-publish","format-standard","has-post-thumbnail","hentry","category-participants-of-the-festival-2023"],"_links":{"self":[{"href":"https:\/\/saulesziedas.lt\/en\/wp-json\/wp\/v2\/posts\/1533","targetHints":{"allow":["GET"]}}],"collection":[{"href":"https:\/\/saulesziedas.lt\/en\/wp-json\/wp\/v2\/posts"}],"about":[{"href":"https:\/\/saulesziedas.lt\/en\/wp-json\/wp\/v2\/types\/post"}],"author":[{"embeddable":true,"href":"https:\/\/saulesziedas.lt\/en\/wp-json\/wp\/v2\/users\/2"}],"replies":[{"embeddable":true,"href":"https:\/\/saulesziedas.lt\/en\/wp-json\/wp\/v2\/comments?post=1533"}],"version-history":[{"count":2,"href":"https:\/\/saulesziedas.lt\/en\/wp-json\/wp\/v2\/posts\/1533\/revisions"}],"predecessor-version":[{"id":1535,"href":"https:\/\/saulesziedas.lt\/en\/wp-json\/wp\/v2\/posts\/1533\/revisions\/1535"}],"wp:featuredmedia":[{"embeddable":true,"href":"https:\/\/saulesziedas.lt\/en\/wp-json\/wp\/v2\/media\/1024"}],"wp:attachment":[{"href":"https:\/\/saulesziedas.lt\/en\/wp-json\/wp\/v2\/media?parent=1533"}],"wp:term":[{"taxonomy":"category","embeddable":true,"href":"https:\/\/saulesziedas.lt\/en\/wp-json\/wp\/v2\/categories?post=1533"},{"taxonomy":"post_tag","embeddable":true,"href":"https:\/\/saulesziedas.lt\/en\/wp-json\/wp\/v2\/tags?post=1533"}],"curies":[{"name":"wp","href":"https:\/\/api.w.org\/{rel}","templated":true}]}}