{"id":1536,"date":"2023-06-28T12:20:01","date_gmt":"2023-06-28T09:20:01","guid":{"rendered":"https:\/\/saulesziedas.lt\/damile-and-lukas-bagdonaviciai-lithuania\/"},"modified":"2023-06-30T16:43:03","modified_gmt":"2023-06-30T13:43:03","slug":"damile-and-lukas-bagdonaviciai-lithuania","status":"publish","type":"post","link":"https:\/\/saulesziedas.lt\/en\/damile-and-lukas-bagdonaviciai-lithuania\/","title":{"rendered":"Damil\u0117 and Lukas Bagdonavi\u010diai (Lithuania)"},"content":{"rendered":"<p>[et_pb_section fb_built=&#8221;1&#8243; _builder_version=&#8221;4.21.0&#8243; _module_preset=&#8221;default&#8221; custom_padding=&#8221;0px||0px||true|false&#8221; global_colors_info=&#8221;{}&#8221; theme_builder_area=&#8221;post_content&#8221;][et_pb_row column_structure=&#8221;1_2,1_2&#8243; use_custom_gutter=&#8221;on&#8221; gutter_width=&#8221;2&#8243; _builder_version=&#8221;4.21.0&#8243; _module_preset=&#8221;default&#8221; global_colors_info=&#8221;{}&#8221; theme_builder_area=&#8221;post_content&#8221;][et_pb_column type=&#8221;1_2&#8243; _builder_version=&#8221;4.21.0&#8243; _module_preset=&#8221;default&#8221; global_colors_info=&#8221;{}&#8221; theme_builder_area=&#8221;post_content&#8221;][et_pb_text _builder_version=&#8221;4.21.0&#8243; _module_preset=&#8221;default&#8221; text_orientation=&#8221;justified&#8221; hover_enabled=&#8221;0&#8243; global_colors_info=&#8221;{}&#8221; theme_builder_area=&#8221;post_content&#8221; sticky_enabled=&#8221;0&#8243;]<\/p>\n<p>Damil\u0117 ir Lukas Bagdonavi\u010diai \u2013 jauna folkloro myl\u0117toj\u0173, vienas kit\u0105 atradusi\u0173 Vilniaus universiteto folkloro ansamblyje \u201eRatilio\u201c, \u0161iauliet\u0117s ir vilnie\u010dio \u0161eima.<\/p>\n<p>Lukas \u2013 Vilniaus Salom\u0117jos N\u0117ries gimnazijos fizikos mokytojas, direktoriaus pavaduotojas ugdymui, ie\u0161kantis etnokult\u016bros rai\u0161kos b\u016bd\u0173 \u0161vietime. Damil\u0117 \u2013 komunikacijos specialist\u0117, besidarbuojanti su Lietuvos nematerialaus kult\u016bros paveldo vertybi\u0173 s\u0105vadu, folkloro rengini\u0173 ved\u0117ja bei VU folkloro ansamblio \u201eRatilio\u201c tradicini\u0173 \u0161oki\u0173 mokytoja.<\/p>\n<p>Bagdonavi\u010diai folklor\u0105 laiko neatsiejama savo gyvenimo ir tarpusavio santykio dalimi. Tradicini\u0173 dain\u0173, muzikos ir \u0161okio sujungti jie ne tik pristato etnin\u0119 kult\u016br\u0105 scenoje, bet ir ja gyvena \u2013 apsupti autenti\u0161ko bendravimo su bendramin\u010diais, \u0161iuolaiki\u0161k\u0173 tradicijos \u012fprasminim\u0173, \u0161ven\u010di\u0173 ir kasdieni\u0173 ritual\u0173.<\/p>\n<p>[\/et_pb_text][\/et_pb_column][et_pb_column type=&#8221;1_2&#8243; _builder_version=&#8221;4.21.0&#8243; _module_preset=&#8221;default&#8221; global_colors_info=&#8221;{}&#8221; theme_builder_area=&#8221;post_content&#8221;][et_pb_image src=&#8221;https:\/\/saulesziedas.lt\/wp-content\/uploads\/Damile-ir-Lukas.jpg&#8221; title_text=&#8221;Damil\u0117 ir Lukas&#8221; _builder_version=&#8221;4.21.0&#8243; _module_preset=&#8221;default&#8221; hover_enabled=&#8221;0&#8243; global_colors_info=&#8221;{}&#8221; theme_builder_area=&#8221;post_content&#8221; sticky_enabled=&#8221;0&#8243;][\/et_pb_image][\/et_pb_column][\/et_pb_row][\/et_pb_section]<\/p>\n","protected":false},"excerpt":{"rendered":"<p>Damil\u0117 ir Lukas Bagdonavi\u010diai \u2013 jauna folkloro myl\u0117toj\u0173, vienas kit\u0105 atradusi\u0173 Vilniaus universiteto folkloro ansamblyje \u201eRatilio\u201c, \u0161iauliet\u0117s ir vilnie\u010dio \u0161eima. Lukas \u2013 Vilniaus Salom\u0117jos N\u0117ries gimnazijos fizikos mokytojas, direktoriaus pavaduotojas ugdymui, ie\u0161kantis etnokult\u016bros rai\u0161kos b\u016bd\u0173 \u0161vietime. Damil\u0117 \u2013 komunikacijos specialist\u0117, besidarbuojanti su Lietuvos nematerialaus kult\u016bros paveldo vertybi\u0173 s\u0105vadu, folkloro rengini\u0173 ved\u0117ja bei VU folkloro ansamblio [&hellip;]<\/p>\n","protected":false},"author":2,"featured_media":1030,"comment_status":"closed","ping_status":"closed","sticky":false,"template":"","format":"standard","meta":{"_et_pb_use_builder":"on","_et_pb_old_content":"","_et_gb_content_width":"","footnotes":""},"categories":[31],"tags":[],"class_list":["post-1536","post","type-post","status-publish","format-standard","has-post-thumbnail","hentry","category-participants-of-the-festival-2023"],"_links":{"self":[{"href":"https:\/\/saulesziedas.lt\/en\/wp-json\/wp\/v2\/posts\/1536","targetHints":{"allow":["GET"]}}],"collection":[{"href":"https:\/\/saulesziedas.lt\/en\/wp-json\/wp\/v2\/posts"}],"about":[{"href":"https:\/\/saulesziedas.lt\/en\/wp-json\/wp\/v2\/types\/post"}],"author":[{"embeddable":true,"href":"https:\/\/saulesziedas.lt\/en\/wp-json\/wp\/v2\/users\/2"}],"replies":[{"embeddable":true,"href":"https:\/\/saulesziedas.lt\/en\/wp-json\/wp\/v2\/comments?post=1536"}],"version-history":[{"count":1,"href":"https:\/\/saulesziedas.lt\/en\/wp-json\/wp\/v2\/posts\/1536\/revisions"}],"predecessor-version":[{"id":1537,"href":"https:\/\/saulesziedas.lt\/en\/wp-json\/wp\/v2\/posts\/1536\/revisions\/1537"}],"wp:featuredmedia":[{"embeddable":true,"href":"https:\/\/saulesziedas.lt\/en\/wp-json\/wp\/v2\/media\/1030"}],"wp:attachment":[{"href":"https:\/\/saulesziedas.lt\/en\/wp-json\/wp\/v2\/media?parent=1536"}],"wp:term":[{"taxonomy":"category","embeddable":true,"href":"https:\/\/saulesziedas.lt\/en\/wp-json\/wp\/v2\/categories?post=1536"},{"taxonomy":"post_tag","embeddable":true,"href":"https:\/\/saulesziedas.lt\/en\/wp-json\/wp\/v2\/tags?post=1536"}],"curies":[{"name":"wp","href":"https:\/\/api.w.org\/{rel}","templated":true}]}}