{"id":1546,"date":"2023-06-28T12:32:38","date_gmt":"2023-06-28T09:32:38","guid":{"rendered":"https:\/\/saulesziedas.lt\/vieverselis-lithuania\/"},"modified":"2023-06-30T16:44:48","modified_gmt":"2023-06-30T13:44:48","slug":"vieverselis-lithuania","status":"publish","type":"post","link":"https:\/\/saulesziedas.lt\/en\/vieverselis-lithuania\/","title":{"rendered":"\u201eVievers\u0117lis\u201c (Lithuania)"},"content":{"rendered":"<p>[et_pb_section fb_built=&#8221;1&#8243; _builder_version=&#8221;4.21.0&#8243; _module_preset=&#8221;default&#8221; custom_padding=&#8221;0px||0px||true|false&#8221; global_colors_info=&#8221;{}&#8221; theme_builder_area=&#8221;post_content&#8221;][et_pb_row column_structure=&#8221;1_2,1_2&#8243; use_custom_gutter=&#8221;on&#8221; gutter_width=&#8221;2&#8243; _builder_version=&#8221;4.21.0&#8243; _module_preset=&#8221;default&#8221; global_colors_info=&#8221;{}&#8221; theme_builder_area=&#8221;post_content&#8221;][et_pb_column type=&#8221;1_2&#8243; _builder_version=&#8221;4.21.0&#8243; _module_preset=&#8221;default&#8221; global_colors_info=&#8221;{}&#8221; theme_builder_area=&#8221;post_content&#8221;][et_pb_text _builder_version=&#8221;4.21.0&#8243; _module_preset=&#8221;default&#8221; text_orientation=&#8221;justified&#8221; hover_enabled=&#8221;0&#8243; global_colors_info=&#8221;{}&#8221; theme_builder_area=&#8221;post_content&#8221; sticky_enabled=&#8221;0&#8243;]<\/p>\n<p>Ansamblis veikl\u0105 prad\u0117jo 1998 metais. Koncertini\u0173 program\u0173 turin\u012f sudaro \u017eemai\u010di\u0173 ir auk\u0161tai\u010di\u0173 liaudies dainos, \u017eaidimai, \u0161okiai bei instrumentin\u0117 muzika. Groja liaudies meistr\u0173 ir pa\u010di\u0173 pasigamintais muzikos instrumentais: daudyt\u0117mis, lumzdeliais, d\u016bdmai\u0161iu, kankl\u0117mis, o\u017eragiu, b\u016bgnu, smuiku, basedle. \u201eVievers\u0117lis\u201c koncertuoja miesto, \u0161alies festivaliuose, seminaruose, konferencijose, kult\u016briniuose renginiuose, kalendorin\u0117se \u0161vent\u0117se, dalyvauja ir patys rengia folklorini\u0173 \u0161oki\u0173 vakarones.<\/p>\n<p>Ansamblio nariai yra aktyv\u016bs savanoriai ir \u012fvairi\u0173 projekt\u0173 dalyviai. Projekto \u201ePaveldas-pilietis-tauta\u201c organizatoriai bei vykdytojai, tarptautinio Roberto Bo\u0161o fondo projekto \u201eI\u0161 med\u017eio \u0161akn\u0173\u201c dalyviai. \u0160i\u0173 projekt\u0173 metu vaikai \u012fgijo teorini\u0173 \u017eini\u0173 ir praktini\u0173 \u012fg\u016bd\u017ei\u0173 rinkdami kra\u0161totyrin\u0119 med\u017eiag\u0105 apie lietuvi\u0173 namus, \u017eaislus, muzikos instrumentus ir j\u0173 gaminim\u0105. Vasaros metu dalyvaujame k\u016brybin\u0117se etnokult\u016brin\u0117se stovyklose, etno muzikavimo kursuose.<\/p>\n<p>Vadovas Ar\u016bnas Stankus<\/p>\n<p>[\/et_pb_text][\/et_pb_column][et_pb_column type=&#8221;1_2&#8243; _builder_version=&#8221;4.21.0&#8243; _module_preset=&#8221;default&#8221; global_colors_info=&#8221;{}&#8221; theme_builder_area=&#8221;post_content&#8221;][et_pb_image src=&#8221;https:\/\/saulesziedas.lt\/wp-content\/uploads\/Vieverselis-Siauliai.jpg&#8221; title_text=&#8221;Vievers\u0117lis-\u0160iauliai&#8221; _builder_version=&#8221;4.21.0&#8243; _module_preset=&#8221;default&#8221; hover_enabled=&#8221;0&#8243; global_colors_info=&#8221;{}&#8221; theme_builder_area=&#8221;post_content&#8221; sticky_enabled=&#8221;0&#8243;][\/et_pb_image][\/et_pb_column][\/et_pb_row][\/et_pb_section]<\/p>\n","protected":false},"excerpt":{"rendered":"<p>Ansamblis veikl\u0105 prad\u0117jo 1998 metais. Koncertini\u0173 program\u0173 turin\u012f sudaro \u017eemai\u010di\u0173 ir auk\u0161tai\u010di\u0173 liaudies dainos, \u017eaidimai, \u0161okiai bei instrumentin\u0117 muzika. Groja liaudies meistr\u0173 ir pa\u010di\u0173 pasigamintais muzikos instrumentais: daudyt\u0117mis, lumzdeliais, d\u016bdmai\u0161iu, kankl\u0117mis, o\u017eragiu, b\u016bgnu, smuiku, basedle. \u201eVievers\u0117lis\u201c koncertuoja miesto, \u0161alies festivaliuose, seminaruose, konferencijose, kult\u016briniuose renginiuose, kalendorin\u0117se \u0161vent\u0117se, dalyvauja ir patys rengia folklorini\u0173 \u0161oki\u0173 vakarones. Ansamblio nariai [&hellip;]<\/p>\n","protected":false},"author":2,"featured_media":1065,"comment_status":"closed","ping_status":"closed","sticky":false,"template":"","format":"standard","meta":{"_et_pb_use_builder":"on","_et_pb_old_content":"","_et_gb_content_width":"","footnotes":""},"categories":[31],"tags":[],"class_list":["post-1546","post","type-post","status-publish","format-standard","has-post-thumbnail","hentry","category-participants-of-the-festival-2023"],"_links":{"self":[{"href":"https:\/\/saulesziedas.lt\/en\/wp-json\/wp\/v2\/posts\/1546","targetHints":{"allow":["GET"]}}],"collection":[{"href":"https:\/\/saulesziedas.lt\/en\/wp-json\/wp\/v2\/posts"}],"about":[{"href":"https:\/\/saulesziedas.lt\/en\/wp-json\/wp\/v2\/types\/post"}],"author":[{"embeddable":true,"href":"https:\/\/saulesziedas.lt\/en\/wp-json\/wp\/v2\/users\/2"}],"replies":[{"embeddable":true,"href":"https:\/\/saulesziedas.lt\/en\/wp-json\/wp\/v2\/comments?post=1546"}],"version-history":[{"count":1,"href":"https:\/\/saulesziedas.lt\/en\/wp-json\/wp\/v2\/posts\/1546\/revisions"}],"predecessor-version":[{"id":1547,"href":"https:\/\/saulesziedas.lt\/en\/wp-json\/wp\/v2\/posts\/1546\/revisions\/1547"}],"wp:featuredmedia":[{"embeddable":true,"href":"https:\/\/saulesziedas.lt\/en\/wp-json\/wp\/v2\/media\/1065"}],"wp:attachment":[{"href":"https:\/\/saulesziedas.lt\/en\/wp-json\/wp\/v2\/media?parent=1546"}],"wp:term":[{"taxonomy":"category","embeddable":true,"href":"https:\/\/saulesziedas.lt\/en\/wp-json\/wp\/v2\/categories?post=1546"},{"taxonomy":"post_tag","embeddable":true,"href":"https:\/\/saulesziedas.lt\/en\/wp-json\/wp\/v2\/tags?post=1546"}],"curies":[{"name":"wp","href":"https:\/\/api.w.org\/{rel}","templated":true}]}}