{"id":1548,"date":"2023-06-28T12:34:41","date_gmt":"2023-06-28T09:34:41","guid":{"rendered":"https:\/\/saulesziedas.lt\/viesia-lithuania\/"},"modified":"2023-06-30T16:45:16","modified_gmt":"2023-06-30T13:45:16","slug":"viesia-lithuania","status":"publish","type":"post","link":"https:\/\/saulesziedas.lt\/en\/viesia-lithuania\/","title":{"rendered":"\u201eVie\u0161ia\u201c (Lithuania)"},"content":{"rendered":"<p>[et_pb_section fb_built=&#8221;1&#8243; _builder_version=&#8221;4.21.0&#8243; _module_preset=&#8221;default&#8221; custom_padding=&#8221;0px||0px||true|false&#8221; global_colors_info=&#8221;{}&#8221; theme_builder_area=&#8221;post_content&#8221;][et_pb_row column_structure=&#8221;1_2,1_2&#8243; use_custom_gutter=&#8221;on&#8221; gutter_width=&#8221;2&#8243; _builder_version=&#8221;4.21.0&#8243; _module_preset=&#8221;default&#8221; global_colors_info=&#8221;{}&#8221; theme_builder_area=&#8221;post_content&#8221;][et_pb_column type=&#8221;1_2&#8243; _builder_version=&#8221;4.21.0&#8243; _module_preset=&#8221;default&#8221; global_colors_info=&#8221;{}&#8221; theme_builder_area=&#8221;post_content&#8221;][et_pb_text _builder_version=&#8221;4.21.0&#8243; _module_preset=&#8221;default&#8221; text_orientation=&#8221;justified&#8221; hover_enabled=&#8221;0&#8243; global_colors_info=&#8221;{}&#8221; theme_builder_area=&#8221;post_content&#8221; sticky_enabled=&#8221;0&#8243;]<\/p>\n<p>Folkloro ansamblis \u201eVie\u0161ia\u201c susib\u016br\u0117 1998 m. Kauno rajono Neveroni\u0173 kult\u016bros centre. Kolektyvas pavadintas up\u0117s, tekan\u010dios per Neveronis, vardu. Tai \u0161eim\u0173, puosel\u0117jan\u010di\u0173 sen\u0105sias tradicijas ir liaudies k\u016bryb\u0105 samb\u016bris. Drauge kalendorines \u0161ventes \u0161ven\u010dia, liaudies dainas dainuoja ir tradicinius \u0161okius \u0161oka, koncertuoja t\u0117vai, vaikai ir seneliai. Vyriausiam dalyviui \u2013 80, jauniausiam \u2013 1,5 met\u0173. \u0160iam kolektyvui nuo 1999 m. vadovauja k\u016brybini\u0173 id\u0117j\u0173 ir pol\u0117kio nestokojanti Jolanta Balnyt\u0117.<\/p>\n<p>\u201eVie\u0161ios\u201c repertuar\u0105 sudaro Kauno rajono ir Neveroni\u0173 apylinki\u0173 ekspedicin\u0117, archyvin\u0117 med\u017eiaga. Kadangi dalyviai kil\u0119 i\u0161 skirting\u0173 Lietuvos viet\u0173, tai atlieka \u012fvairi\u0173 Lietuvos region\u0173 liaudies dainas, sutartines, tradicinius \u0161okius, instrumentin\u0119 muzik\u0105.<\/p>\n<p>Drauge su vadove J. Balnyte ansamblie\u010diai, telkdami Neveroni\u0173 bendruomenes, organizuoja tradicinius renginius: advento vakarus, Atvelykio \u0161ventes, Jonines, folkloro ansambli\u0173 samb\u016brius ir festivalius, edukacijas ir kt.<\/p>\n<p>\u201eVie\u0161ia\u201c nuolat kvie\u010diama dalyvauti Lietuvos dain\u0173 \u0161ven\u010di\u0173 Folkloro dienos programose, tarptautiniuose festivaliuose: \u201eBaltica\u201c, \u201eAtataria lamzd\u017eiai\u201c, \u201eParb\u0117g laivelis\u201c, \u201eSaul\u0117s \u017eiedas\u201c, \u201eSkamba, skamba kankliai\u201c, \u201eTek saulu\u017e\u0117 ant mara\u010di\u0173\u201c, \u201eAnt vandens\u201c ir kt.<\/p>\n<p>Ansamblio dalyviai koncertuoja pasipuo\u0161\u0119 kiekvienas savo regiono tautiniais drabu\u017eiais. 2017 m. Nacionaliniame lietuvi\u0173 tautinio kostiumo konkurse \u201eI\u0161austa tapatyb\u0117\u201c jie tapo folkloro grup\u0117s tautinio kostiumo nugal\u0117tojais.<br \/>2018 metais folkloro ansamblis \u201eVie\u0161ia\u201c tapo \u201eGeriausiu kra\u0161to folkloro ansambliu ir jo vadovu\u201d laureatais ir peln\u0117 auk\u0161\u010diausi\u0105 m\u0117g\u0117j\u0173 meno apdovanojim\u0105 \u2013 \u201eAukso pauk\u0161t\u0119\u201c.<\/p>\n<p>2022 metais \u201eVie\u0161ia\u201c drauge su vadove Jolanta Balnyte pakviet\u0117 visus mylin\u010dius folkor\u0105 ir etnin\u0119 kult\u016br\u0105 \u012f du respublikinius folkloro festivalius Kauno rajone: \u201eObelyn\u0117s \u017dolin\u0119\u201c ir \u201eSukutyn\u0119\u201c.<\/p>\n<p>Taip pat folkloro ansamblis daug koncertavo, pristat\u0117 naujas programas, tautin\u012f kostium\u0105, praved\u0117 edukacin\u0119 program\u0105 \u201eSupinsma kaselas\u201c&#8230;<\/p>\n<p>Kauno rajono Ramu\u010di\u0173 kult\u016bros centro Neveroni\u0173 laisvalaikio sal\u0117s folkloro ansamblis \u201eVie\u0161ia\u201c 2022 metais dalyvavo \u0161iuose festivaliuose ir renginiuose bei projektuose : \u201eJurgin\u0117s\u201c Palangoje, \u201eSkamba skamba kankliai\u201c Vilniuje, ital\u0173 \u0161iuolaikinio cirko re\u017eisieriaus Roberto Magro spektaklyje \u201eVizijos\u201c Kauno rajone, Bubiuose ir Italijoje , \u201eTek saulu\u017e\u0117 ant mara\u010di\u0173\u201c Nidoje, \u201eObelyn\u0117s \u017dolin\u0117\u201c Tado Ivanausko sodyboje \u2013 memorialiniame muziejuje, \u201eSukutyn\u0117\u201c Ramu\u010diuose, \u201eSkambantys ra\u0161tai\u201c Kaune.<\/p>\n<p>Kauno rajono Ramu\u010di\u0173 kult\u016bros centro Neveroni\u0173 laisvalaikio sal\u0117s folkloro ansamblis \u201eVie\u0161ia\u201c 2022 metais dalyvavo \u0161iuose festivaliuose ir renginiuose bei projektuose : \u201eJurgin\u0117s\u201c Palangoje, \u201eSkamba skamba kankliai\u201c Vilniuje, Ital\u0173 \u0161iuolaikinio cirko re\u017eisieriaus Roberto Magro spektaklyje \u201eVizijos\u201c Kauno rajone Bubiuose ir Italijoje , \u201eTek saulu\u017e\u0117 ant mara\u010di\u0173\u201c Nidoje, \u201eObelyn\u0117s \u017dolin\u0117\u201c Tado Ivanausko sodyboje \u2013 memorialiniame muziejuje, Etno \u0161eim\u0173 festivalyje \u2013 var\u017eytuv\u0117se \u201eSukutyn\u0117\u201c Ramu\u010diuose, \u201eSkambantys ra\u0161tai\u201c Kaune ir Kauno rajone.<br \/>Per pastar\u0105j\u012f penkmet\u012f ansamblis tur\u0117jo 105 i\u0161vykas, i\u0161 j\u0173 &#8211; 20 tarptautini\u0173 , 15 republikini\u0173 festivali\u0173, 18 regionini\u0173 \u0161ven\u010di\u0173. Vasario 16 dien\u0105 ansamblis skai\u010diuos jau 606 pasirodym\u0105.<\/p>\n<p>Vadov\u0117 Jolanta Balnyt\u0117<\/p>\n<p>[\/et_pb_text][\/et_pb_column][et_pb_column type=&#8221;1_2&#8243; _builder_version=&#8221;4.21.0&#8243; _module_preset=&#8221;default&#8221; global_colors_info=&#8221;{}&#8221; theme_builder_area=&#8221;post_content&#8221;][et_pb_image src=&#8221;https:\/\/saulesziedas.lt\/wp-content\/uploads\/viesia-1.jpg&#8221; title_text=&#8221;viesia&#8221; _builder_version=&#8221;4.21.0&#8243; _module_preset=&#8221;default&#8221; hover_enabled=&#8221;0&#8243; global_colors_info=&#8221;{}&#8221; theme_builder_area=&#8221;post_content&#8221; sticky_enabled=&#8221;0&#8243;][\/et_pb_image][\/et_pb_column][\/et_pb_row][\/et_pb_section]<\/p>\n","protected":false},"excerpt":{"rendered":"<p>Folkloro ansamblis \u201eVie\u0161ia\u201c susib\u016br\u0117 1998 m. Kauno rajono Neveroni\u0173 kult\u016bros centre. Kolektyvas pavadintas up\u0117s, tekan\u010dios per Neveronis, vardu. Tai \u0161eim\u0173, puosel\u0117jan\u010di\u0173 sen\u0105sias tradicijas ir liaudies k\u016bryb\u0105 samb\u016bris. Drauge kalendorines \u0161ventes \u0161ven\u010dia, liaudies dainas dainuoja ir tradicinius \u0161okius \u0161oka, koncertuoja t\u0117vai, vaikai ir seneliai. Vyriausiam dalyviui \u2013 80, jauniausiam \u2013 1,5 met\u0173. \u0160iam kolektyvui nuo 1999 [&hellip;]<\/p>\n","protected":false},"author":2,"featured_media":1076,"comment_status":"closed","ping_status":"closed","sticky":false,"template":"","format":"standard","meta":{"_et_pb_use_builder":"on","_et_pb_old_content":"","_et_gb_content_width":"","footnotes":""},"categories":[31],"tags":[],"class_list":["post-1548","post","type-post","status-publish","format-standard","has-post-thumbnail","hentry","category-participants-of-the-festival-2023"],"_links":{"self":[{"href":"https:\/\/saulesziedas.lt\/en\/wp-json\/wp\/v2\/posts\/1548","targetHints":{"allow":["GET"]}}],"collection":[{"href":"https:\/\/saulesziedas.lt\/en\/wp-json\/wp\/v2\/posts"}],"about":[{"href":"https:\/\/saulesziedas.lt\/en\/wp-json\/wp\/v2\/types\/post"}],"author":[{"embeddable":true,"href":"https:\/\/saulesziedas.lt\/en\/wp-json\/wp\/v2\/users\/2"}],"replies":[{"embeddable":true,"href":"https:\/\/saulesziedas.lt\/en\/wp-json\/wp\/v2\/comments?post=1548"}],"version-history":[{"count":2,"href":"https:\/\/saulesziedas.lt\/en\/wp-json\/wp\/v2\/posts\/1548\/revisions"}],"predecessor-version":[{"id":1550,"href":"https:\/\/saulesziedas.lt\/en\/wp-json\/wp\/v2\/posts\/1548\/revisions\/1550"}],"wp:featuredmedia":[{"embeddable":true,"href":"https:\/\/saulesziedas.lt\/en\/wp-json\/wp\/v2\/media\/1076"}],"wp:attachment":[{"href":"https:\/\/saulesziedas.lt\/en\/wp-json\/wp\/v2\/media?parent=1548"}],"wp:term":[{"taxonomy":"category","embeddable":true,"href":"https:\/\/saulesziedas.lt\/en\/wp-json\/wp\/v2\/categories?post=1548"},{"taxonomy":"post_tag","embeddable":true,"href":"https:\/\/saulesziedas.lt\/en\/wp-json\/wp\/v2\/tags?post=1548"}],"curies":[{"name":"wp","href":"https:\/\/api.w.org\/{rel}","templated":true}]}}