{"id":1558,"date":"2023-06-28T12:43:59","date_gmt":"2023-06-28T09:43:59","guid":{"rendered":"https:\/\/saulesziedas.lt\/radvija-lithuania\/"},"modified":"2023-06-30T16:46:30","modified_gmt":"2023-06-30T13:46:30","slug":"radvija-lithuania","status":"publish","type":"post","link":"https:\/\/saulesziedas.lt\/en\/radvija-lithuania\/","title":{"rendered":"\u201eRadvija\u201c (Lithuania)"},"content":{"rendered":"<p>[et_pb_section fb_built=&#8221;1&#8243; _builder_version=&#8221;4.21.0&#8243; _module_preset=&#8221;default&#8221; custom_padding=&#8221;0px||0px||true|false&#8221; global_colors_info=&#8221;{}&#8221; theme_builder_area=&#8221;post_content&#8221;][et_pb_row column_structure=&#8221;1_2,1_2&#8243; use_custom_gutter=&#8221;on&#8221; gutter_width=&#8221;2&#8243; _builder_version=&#8221;4.21.0&#8243; _module_preset=&#8221;default&#8221; global_colors_info=&#8221;{}&#8221; theme_builder_area=&#8221;post_content&#8221;][et_pb_column type=&#8221;1_2&#8243; _builder_version=&#8221;4.21.0&#8243; _module_preset=&#8221;default&#8221; global_colors_info=&#8221;{}&#8221; theme_builder_area=&#8221;post_content&#8221;][et_pb_text _builder_version=&#8221;4.21.0&#8243; _module_preset=&#8221;default&#8221; text_orientation=&#8221;justified&#8221; hover_enabled=&#8221;0&#8243; global_colors_info=&#8221;{}&#8221; theme_builder_area=&#8221;post_content&#8221; sticky_enabled=&#8221;0&#8243;]<\/p>\n<p>Liaudi\u0161kos muzikos kapela \u201eRadvija\u201c susib\u016br\u0117 2008 m. Kolektyvas puosel\u0117ja ir populiarina lietuvi\u0173 liaudies dainas ir melodijas, tradicin\u012f liaudies muzikavim\u0105. Did\u017ei\u0105j\u0105 repertuaro dal\u012f sudaro kolektyvo nari\u0173 aran\u017euotos lietuvi\u0173 liaudies melodijos. Kolektyvo devizas \u2014 \u201eoriginalu viskas, kas paprasta\u2018\u2018.<\/p>\n<p>\u201eRadvija\u201c koncertuoja savo rajono bendruomen\u0117ms, miesto bei rajono \u0161vent\u0117se, proginiuose renginiuose. Su koncertin\u0117mis programomis pasirodyta Bir\u017euose, Utenoje, Klaip\u0117doje, \u0160irvintose, \u0160iauliuose, Ignalinoje, Alytuje. Nuo 2009m. kapela talkina vaik\u0173 ir jaunimo folklorini\u0173 \u0161oki\u0173 konkurso \u201ePatrepsyn\u0117\u2018\u2018 dalyviams, rengia temines folklorini\u0173 \u0161oki\u0173 vakarones jaunimui. Taip pat kapela rengia bendrus projektus su tautini\u0173 \u0161oki\u0173 kolektyvu \u201e\u0160elmiai\u2018\u2018, pagyvenusi\u0173 \u017emoni\u0173 \u0161oki\u0173 kolektyvu \u201ePatreps\u0117lis\u2018\u2018. Dalyvauta koncertin\u0117se i\u0161vykose Latvijoje, Vengrijoje, Lenkijoje, Amerikoje. Jau de\u0161imt met\u0173 kolektyvo iniciatyva rengiamas regioninis kapel\u0173 festivalis \u201e\u017dem\u0117j Lietuvos\u2018\u2018.<\/p>\n<p>Vadov\u0117 J\u016brat\u0117 Stakvilevi\u010dien\u0117<\/p>\n<p>[\/et_pb_text][\/et_pb_column][et_pb_column type=&#8221;1_2&#8243; _builder_version=&#8221;4.21.0&#8243; _module_preset=&#8221;default&#8221; global_colors_info=&#8221;{}&#8221; theme_builder_area=&#8221;post_content&#8221;][et_pb_image src=&#8221;https:\/\/saulesziedas.lt\/wp-content\/uploads\/radvija.jpg&#8221; title_text=&#8221;radvija&#8221; _builder_version=&#8221;4.21.0&#8243; _module_preset=&#8221;default&#8221; hover_enabled=&#8221;0&#8243; global_colors_info=&#8221;{}&#8221; theme_builder_area=&#8221;post_content&#8221; sticky_enabled=&#8221;0&#8243;][\/et_pb_image][\/et_pb_column][\/et_pb_row][\/et_pb_section]<\/p>\n","protected":false},"excerpt":{"rendered":"<p>Liaudi\u0161kos muzikos kapela \u201eRadvija\u201c susib\u016br\u0117 2008 m. Kolektyvas puosel\u0117ja ir populiarina lietuvi\u0173 liaudies dainas ir melodijas, tradicin\u012f liaudies muzikavim\u0105. Did\u017ei\u0105j\u0105 repertuaro dal\u012f sudaro kolektyvo nari\u0173 aran\u017euotos lietuvi\u0173 liaudies melodijos. Kolektyvo devizas \u2014 \u201eoriginalu viskas, kas paprasta\u2018\u2018. \u201eRadvija\u201c koncertuoja savo rajono bendruomen\u0117ms, miesto bei rajono \u0161vent\u0117se, proginiuose renginiuose. Su koncertin\u0117mis programomis pasirodyta Bir\u017euose, Utenoje, Klaip\u0117doje, \u0160irvintose, [&hellip;]<\/p>\n","protected":false},"author":2,"featured_media":1100,"comment_status":"closed","ping_status":"closed","sticky":false,"template":"","format":"standard","meta":{"_et_pb_use_builder":"on","_et_pb_old_content":"","_et_gb_content_width":"","footnotes":""},"categories":[31],"tags":[],"class_list":["post-1558","post","type-post","status-publish","format-standard","has-post-thumbnail","hentry","category-participants-of-the-festival-2023"],"_links":{"self":[{"href":"https:\/\/saulesziedas.lt\/en\/wp-json\/wp\/v2\/posts\/1558","targetHints":{"allow":["GET"]}}],"collection":[{"href":"https:\/\/saulesziedas.lt\/en\/wp-json\/wp\/v2\/posts"}],"about":[{"href":"https:\/\/saulesziedas.lt\/en\/wp-json\/wp\/v2\/types\/post"}],"author":[{"embeddable":true,"href":"https:\/\/saulesziedas.lt\/en\/wp-json\/wp\/v2\/users\/2"}],"replies":[{"embeddable":true,"href":"https:\/\/saulesziedas.lt\/en\/wp-json\/wp\/v2\/comments?post=1558"}],"version-history":[{"count":1,"href":"https:\/\/saulesziedas.lt\/en\/wp-json\/wp\/v2\/posts\/1558\/revisions"}],"predecessor-version":[{"id":1559,"href":"https:\/\/saulesziedas.lt\/en\/wp-json\/wp\/v2\/posts\/1558\/revisions\/1559"}],"wp:featuredmedia":[{"embeddable":true,"href":"https:\/\/saulesziedas.lt\/en\/wp-json\/wp\/v2\/media\/1100"}],"wp:attachment":[{"href":"https:\/\/saulesziedas.lt\/en\/wp-json\/wp\/v2\/media?parent=1558"}],"wp:term":[{"taxonomy":"category","embeddable":true,"href":"https:\/\/saulesziedas.lt\/en\/wp-json\/wp\/v2\/categories?post=1558"},{"taxonomy":"post_tag","embeddable":true,"href":"https:\/\/saulesziedas.lt\/en\/wp-json\/wp\/v2\/tags?post=1558"}],"curies":[{"name":"wp","href":"https:\/\/api.w.org\/{rel}","templated":true}]}}