{"id":5877,"date":"2023-07-05T00:42:25","date_gmt":"2023-07-04T21:42:25","guid":{"rendered":"https:\/\/saulesziedas.lt\/ix-international-folk-contest-festival-opening-ceremony\/"},"modified":"2023-07-08T03:13:00","modified_gmt":"2023-07-08T00:13:00","slug":"ix-international-folk-contest-festival-opening-ceremony","status":"publish","type":"post","link":"https:\/\/saulesziedas.lt\/en\/ix-international-folk-contest-festival-opening-ceremony\/","title":{"rendered":"IX international folk contest-festival opening ceremony"},"content":{"rendered":"<p>[et_pb_section fb_built=&#8221;1&#8243; _builder_version=&#8221;4.21.0&#8243; _module_preset=&#8221;default&#8221; custom_padding=&#8221;0px||0px|1px|true|false&#8221; global_colors_info=&#8221;{}&#8221;][et_pb_row column_structure=&#8221;1_2,1_2&#8243; use_custom_gutter=&#8221;on&#8221; gutter_width=&#8221;2&#8243; _builder_version=&#8221;4.21.0&#8243; _module_preset=&#8221;default&#8221; custom_padding=&#8221;|||3px||&#8221; global_colors_info=&#8221;{}&#8221;][et_pb_column type=&#8221;1_2&#8243; _builder_version=&#8221;4.21.0&#8243; _module_preset=&#8221;default&#8221; global_colors_info=&#8221;{}&#8221;][et_pb_text _builder_version=&#8221;4.21.0&#8243; _module_preset=&#8221;default&#8221; text_orientation=&#8221;justified&#8221; global_colors_info=&#8221;{}&#8221;]<\/p>\n<blockquote>\n<p> The 4th of July was a special day on which the great festival \u201cFlower of the Sun\u201d began to unfold. As the festive procession began, it was hard to take one\u2019s eyes off the multi-coloured participants of the festival, who shared their smiles, good mood, great music, and dance rhythm. During the opening ceremony the performers greeted the audience, and the organizers, sponsors, partners, and friends of the festival \u201cFlower of the Sun\u201d were introduced.   <br \/> Everyone&#8217;s hearts were touched by the handmade kankl\u0117s made by Albertas Martinaitis in memory of Zita Kelmickait\u0117, Lithuanian ethnomusicologist and long-time head of the jury of the \u201cFlower of the Sun\u201d competition. The kankl\u0117s were presented to Daiva Vy\u010dinien\u0117, a Lithuanian ethnomusicologist, professor and teacher at the Lithuanian Academy of Performing Arts, winner of the National Prize, performer of traditional Lithuanian songs, and Doctor of Science. The handing over of the kankl\u0117s to the professor will be done by Loreta Sungailien\u0117.  <br \/> On the main stage of the festival there were performances from ensembles and performers from SWEDEN (\u201cLunds Studenters Folkdanslag\u201d), PANAMA (\u201cRitmos y Ra\u00edces Paname\u00f1as Ballet Folkclorico\u201d), POLAND (\u201cGrze\u015b\u201d), SPAIN (\u201cEl Redoble\u201d), UKRAINE (\u201cHalychyna\u201d), CZECH REPUBLIC (\u201cSlezan\u201d), PORTUGAL (\u201cRancho t\u00edpico da Amorosa\u201d), HUNGARY (\u201cTiszavir\u00e1g\u201d) and LITHUANIA (Loreta Sungailiene, Damil\u0117 and Lukas Bagdonavi\u010diai, \u201cAidija\u201d, \u201cSalduv\u0117\u201d, \u201cSaul\u0117\u201d, \u201cJonis\u201d).<br \/>The ethno-playing space invited the young and older audience of the festival to remember traditional Lithuanian folk games. An unexpected surprise occurred &#8211; a sweet ice cream promotion by the festival&#8217;s sponsor-partner \u201cNorfa\u201d made the hearts of the spectators happy as they enjoyed the opening concert of the \u201cFlower of the Sun\u201d. <br \/> For more information and the programme of the event please visit <a href=\"https:\/\/www.siauliai.lt\">(https:\/\/saulesziedas.lt).<\/a> <br \/> For more information and the programme of the event please visit <a href=\"https:\/\/saulesziedas.lt\/en\/\">(https:\/\/saulesziedas.lt).<\/a><\/p>\n<\/blockquote>\n<p>&nbsp;<\/p>\n<p>[\/et_pb_text][\/et_pb_column][et_pb_column type=&#8221;1_2&#8243; _builder_version=&#8221;4.21.0&#8243; _module_preset=&#8221;default&#8221; global_colors_info=&#8221;{}&#8221;][et_pb_image src=&#8221;https:\/\/saulesziedas.lt\/wp-content\/uploads\/Zakiras-Medzidovas-scaled.jpg&#8221; alt=&#8221;\u017dydr\u016bno Bardzilausko nuotr.&#8221; _builder_version=&#8221;4.21.0&#8243; _module_preset=&#8221;default&#8221; global_colors_info=&#8221;{}&#8221;][\/et_pb_image][et_pb_gallery gallery_ids=&#8221;1682,1678,1686,1688&#8243; show_title_and_caption=&#8221;off&#8221; _builder_version=&#8221;4.21.0&#8243; _module_preset=&#8221;default&#8221; global_colors_info=&#8221;{}&#8221;][\/et_pb_gallery][\/et_pb_column][\/et_pb_row][\/et_pb_section]<\/p>\n","protected":false},"excerpt":{"rendered":"<p>The 4th of July was a special day on which the great festival \u201cFlower of the Sun\u201d began to unfold. As the festive procession began, it was hard to take one\u2019s eyes off the multi-coloured participants of the festival, who shared their smiles, good mood, great music, and dance rhythm. During the opening ceremony the [&hellip;]<\/p>\n","protected":false},"author":3,"featured_media":1683,"comment_status":"closed","ping_status":"closed","sticky":false,"template":"","format":"standard","meta":{"_et_pb_use_builder":"on","_et_pb_old_content":"","_et_gb_content_width":"","footnotes":""},"categories":[33],"tags":[],"class_list":["post-5877","post","type-post","status-publish","format-standard","has-post-thumbnail","hentry","category-news"],"_links":{"self":[{"href":"https:\/\/saulesziedas.lt\/en\/wp-json\/wp\/v2\/posts\/5877","targetHints":{"allow":["GET"]}}],"collection":[{"href":"https:\/\/saulesziedas.lt\/en\/wp-json\/wp\/v2\/posts"}],"about":[{"href":"https:\/\/saulesziedas.lt\/en\/wp-json\/wp\/v2\/types\/post"}],"author":[{"embeddable":true,"href":"https:\/\/saulesziedas.lt\/en\/wp-json\/wp\/v2\/users\/3"}],"replies":[{"embeddable":true,"href":"https:\/\/saulesziedas.lt\/en\/wp-json\/wp\/v2\/comments?post=5877"}],"version-history":[{"count":5,"href":"https:\/\/saulesziedas.lt\/en\/wp-json\/wp\/v2\/posts\/5877\/revisions"}],"predecessor-version":[{"id":5882,"href":"https:\/\/saulesziedas.lt\/en\/wp-json\/wp\/v2\/posts\/5877\/revisions\/5882"}],"wp:featuredmedia":[{"embeddable":true,"href":"https:\/\/saulesziedas.lt\/en\/wp-json\/wp\/v2\/media\/1683"}],"wp:attachment":[{"href":"https:\/\/saulesziedas.lt\/en\/wp-json\/wp\/v2\/media?parent=5877"}],"wp:term":[{"taxonomy":"category","embeddable":true,"href":"https:\/\/saulesziedas.lt\/en\/wp-json\/wp\/v2\/categories?post=5877"},{"taxonomy":"post_tag","embeddable":true,"href":"https:\/\/saulesziedas.lt\/en\/wp-json\/wp\/v2\/tags?post=5877"}],"curies":[{"name":"wp","href":"https:\/\/api.w.org\/{rel}","templated":true}]}}