{"id":9416,"date":"2023-10-07T02:01:32","date_gmt":"2023-10-06T23:01:32","guid":{"rendered":"https:\/\/saulesziedas.lt\/concert-of-lithuanian-kankles-baltic-psaltery-music-performers-let-the-kankles-play-at-the-international-folk-contest-festival-the-flower-of-the-sun-2023\/"},"modified":"2023-10-08T12:14:37","modified_gmt":"2023-10-08T09:14:37","slug":"concert-of-lithuanian-kankles-baltic-psaltery-music-performers-let-the-kankles-play-at-the-international-folk-contest-festival-the-flower-of-the-sun-2023","status":"publish","type":"post","link":"https:\/\/saulesziedas.lt\/en\/concert-of-lithuanian-kankles-baltic-psaltery-music-performers-let-the-kankles-play-at-the-international-folk-contest-festival-the-flower-of-the-sun-2023\/","title":{"rendered":"Concert of Lithuanian kankl\u0117s (Baltic psaltery) music performers &#8220;Let the Kankl\u0117s Play&#8221; at the international folk contest-festival &#8220;The Flower of the Sun&#8221; 2023"},"content":{"rendered":"<p>[et_pb_section fb_built=&#8221;1&#8243; _builder_version=&#8221;4.21.0&#8243; _module_preset=&#8221;default&#8221; global_colors_info=&#8221;{}&#8221;][et_pb_row column_structure=&#8221;1_2,1_2&#8243; _builder_version=&#8221;4.21.0&#8243; _module_preset=&#8221;default&#8221; hover_enabled=&#8221;0&#8243; global_colors_info=&#8221;{}&#8221; sticky_enabled=&#8221;0&#8243;][et_pb_column type=&#8221;1_2&#8243; _builder_version=&#8221;4.21.0&#8243; _module_preset=&#8221;default&#8221; global_colors_info=&#8221;{}&#8221;][et_pb_text _builder_version=&#8221;4.21.0&#8243; _module_preset=&#8221;default&#8221; global_colors_info=&#8221;{}&#8221;]<\/p>\n<p> At the concert of Lithuanian kankl\u0117s (Baltic psaltery) music performers &#8220;Let the Kankl\u0117s Play&#8221;, held on July 6 2023 \u0160iauliai in the Cathedral of the Apostles Peter and Paul, over 120 performers from all over Lithuania participated. The program of the upcoming 2024 Song Celebration was performed for the first time at the concert dedicated to the coronation day of Mindaugas. The \u0160iauliai State Chamber Choir &#8220;Polifonija&#8221;, soloists Juozas Janu\u017eas (tenor) and Alvaidas Bernotas (bassist) participated in the concert. The director of the concert &#8211; Aleksandras \u0160pilevoj, the artistic director &#8211; Regina Marozien\u0117.      <\/p>\n<p>[\/et_pb_text][\/et_pb_column][et_pb_column type=&#8221;1_2&#8243; _builder_version=&#8221;4.21.0&#8243; _module_preset=&#8221;default&#8221; global_colors_info=&#8221;{}&#8221;][et_pb_video src=&#8221;https:\/\/youtu.be\/H8bPV1uS-HM&#8221; _builder_version=&#8221;4.21.0&#8243; _module_preset=&#8221;default&#8221; global_colors_info=&#8221;{}&#8221;][\/et_pb_video][\/et_pb_column][\/et_pb_row][\/et_pb_section]<\/p>\n","protected":false},"excerpt":{"rendered":"<p>July 6 everyone was delighted by the abundance of events, so we invite those who missed it to see and hear, and those who attended &#8211; to remember the kankl\u0117s (Baltic psaltery) music concert &#8220;Let the Kankl\u0117s Play&#8221; <\/p>\n","protected":false},"author":3,"featured_media":9400,"comment_status":"closed","ping_status":"closed","sticky":false,"template":"","format":"standard","meta":{"_et_pb_use_builder":"on","_et_pb_old_content":"","_et_gb_content_width":"","footnotes":""},"categories":[33],"tags":[],"class_list":["post-9416","post","type-post","status-publish","format-standard","has-post-thumbnail","hentry","category-news"],"_links":{"self":[{"href":"https:\/\/saulesziedas.lt\/en\/wp-json\/wp\/v2\/posts\/9416","targetHints":{"allow":["GET"]}}],"collection":[{"href":"https:\/\/saulesziedas.lt\/en\/wp-json\/wp\/v2\/posts"}],"about":[{"href":"https:\/\/saulesziedas.lt\/en\/wp-json\/wp\/v2\/types\/post"}],"author":[{"embeddable":true,"href":"https:\/\/saulesziedas.lt\/en\/wp-json\/wp\/v2\/users\/3"}],"replies":[{"embeddable":true,"href":"https:\/\/saulesziedas.lt\/en\/wp-json\/wp\/v2\/comments?post=9416"}],"version-history":[{"count":4,"href":"https:\/\/saulesziedas.lt\/en\/wp-json\/wp\/v2\/posts\/9416\/revisions"}],"predecessor-version":[{"id":9438,"href":"https:\/\/saulesziedas.lt\/en\/wp-json\/wp\/v2\/posts\/9416\/revisions\/9438"}],"wp:featuredmedia":[{"embeddable":true,"href":"https:\/\/saulesziedas.lt\/en\/wp-json\/wp\/v2\/media\/9400"}],"wp:attachment":[{"href":"https:\/\/saulesziedas.lt\/en\/wp-json\/wp\/v2\/media?parent=9416"}],"wp:term":[{"taxonomy":"category","embeddable":true,"href":"https:\/\/saulesziedas.lt\/en\/wp-json\/wp\/v2\/categories?post=9416"},{"taxonomy":"post_tag","embeddable":true,"href":"https:\/\/saulesziedas.lt\/en\/wp-json\/wp\/v2\/tags?post=9416"}],"curies":[{"name":"wp","href":"https:\/\/api.w.org\/{rel}","templated":true}]}}