{"id":9870,"date":"2025-05-26T02:55:00","date_gmt":"2025-05-25T23:55:00","guid":{"rendered":"https:\/\/saulesziedas.lt\/?p=9870"},"modified":"2025-06-12T15:08:40","modified_gmt":"2025-06-12T12:08:40","slug":"folklore-ensemble-oteks-folk-republic-of-north-macedonia","status":"publish","type":"post","link":"https:\/\/saulesziedas.lt\/en\/folklore-ensemble-oteks-folk-republic-of-north-macedonia\/","title":{"rendered":"REPUBLIC OF NORTH MACEDONIA \ud83c\uddf2\ud83c\uddf0 FOLK ENSEMBLE &#8220;OTEKS FOLK&#8221;"},"content":{"rendered":"<p>[et_pb_section fb_built=&#8221;1&#8243; _builder_version=&#8221;4.21.0&#8243; _module_preset=&#8221;default&#8221; custom_padding=&#8221;0px||0px||true|false&#8221; global_colors_info=&#8221;{}&#8221;][et_pb_row column_structure=&#8221;1_2,1_2&#8243; use_custom_gutter=&#8221;on&#8221; gutter_width=&#8221;2&#8243; _builder_version=&#8221;4.21.0&#8243; _module_preset=&#8221;default&#8221; global_colors_info=&#8221;{}&#8221;][et_pb_column type=&#8221;1_2&#8243; _builder_version=&#8221;4.21.0&#8243; _module_preset=&#8221;default&#8221; global_colors_info=&#8221;{}&#8221;][et_pb_text _builder_version=&#8221;4.21.0&#8243; _module_preset=&#8221;default&#8221; text_orientation=&#8221;justified&#8221; hover_enabled=&#8221;0&#8243; global_colors_info=&#8221;{}&#8221; sticky_enabled=&#8221;0&#8243; custom_padding=&#8221;||0px|||&#8221;]<\/p>\n<p>\u00a0 \u00a0 \u00a0 The ensemble &#8220;Oteks Folk&#8221; traces its illustrious journey back to 1983, when it was founded as a cultural association within the vibrant community of the textile factory &#8220;Oteks&#8221; in Ohrid, Macedonia. Originally formed by passionate and talented dancers from the families of factory employees, the ensemble quickly grew into a cherished institution. This support enabled the ensemble to flourish, expanding its repertoire, incorporating authentic instruments, carefully crafted costumes, and choreographing suites of regional dances that bring to life centuries-old customs and traditions.<\/p>\n<p>\u00a0 \u00a0 \u00a0 At the core of the ensemble\u2019s structure is a strong folklore school, nurturing the talents of more than 150 enthusiastic young members each year under the guidance of skilled choreographers and instructors. These aspiring artists embark on a transformative journey, beginning their training in traditional folklore within the children\u2019s ensemble (up to age 12). As they reach adolescence, they progress into the second and first groups, where their skills continue to mature under the guidance of experienced mentors.<\/p>\n<p>\u00a0 \u00a0 \u00a0 Renowned for their boundless energy, precise footwork, colorful costumes, and passionate spirit, the members of &#8220;Oteks Folk&#8221; have traveled the world, serving as ambassadors of Macedonian song and dance. Their performances, infused with the essence of Macedonian culture, have graced prestigious stages across the globe, earning both accolades and admiration.<\/p>\n<p>\u00a0 \u00a0 \u00a0 The ensemble has participated in numerous festivals and events in many countries, showcasing their talent and cultural heritage. Here is a summary of their international appearances:<\/p>\n<p>\u00a0 \u00a0 \u00a0 Macedonia, Croatia, Slovenia, Serbia, and Montenegro \u2014 performances in Ohrid, Skopje, Belgrade, Zagreb, Maribor, Ljubljana, Rijeka, Opatija, Zvir, Ptuj, Vara\u017edin, Vidovec, Valjevo, Leskovac, Oto\u010dac, Pula, Vodnjan, and more (1983\u20132024)<br \/>\u00a0 \u00a0 \u00a0 Azores Islands (Terceira) \u2013 2024<br \/>\u00a0 \u00a0 \u00a0 Austria (Villach) \u2013 2003<br \/>\u00a0 \u00a0 \u00a0 Belarus (Minsk) \u2013 1993<br \/>\u00a0 \u00a0 \u00a0 Belgium (Hasselt, Kortrijk, etc.) \u2013 1995, 1997, 1999<br \/>\u00a0 \u00a0 \u00a0 Bulgaria (Sofia, Vratsa, Shumen, Veliko Tarnovo, Montana, Bansko) \u2013 multiple times from 1983 to 2024<br \/>\u00a0 \u00a0 \u00a0 Germany (Marburg, Eurowoche-Burg Ludwigstein, Paderborn) \u2013 1989, 1990, 1992, 1994, 1996, 1998, 2001, 2007, 2015, 2023<br \/>\u00a0 \u00a0 \u00a0 Netherlands (Enschede, Warffum, Sittard-Geleen, Rotterdam) \u2013 2000, 2003<br \/>\u00a0 \u00a0 \u00a0 Hungary (Szeksz\u00e1rd, S\u00e1toralja\u00fajhely) \u2013 2011, 2013<br \/>\u00a0 \u00a0 \u00a0 Italy (Tarcento, Latina, Lazzaro RC, Pesaro, Cunardo, Campobasso) \u2013 1988, 2005, 2008, 2017, 2022<br \/>\u00a0 \u00a0 \u00a0 Poland (Bia\u0142a Podlaska, Tomasz\u00f3w Lubelski, Zakopane) \u2013 1989, 2018, 2019<br \/>\u00a0 \u00a0 \u00a0 Portugal (Le\u00e7a da Palmeira, Porto) \u2013 1995, 2012<br \/>\u00a0 \u00a0 \u00a0 Romania (Sibiu, Deva, Pite\u0219ti) \u2013 1996, 1998, 2014<br \/>\u00a0 \u00a0 \u00a0 Spain (Barcelona, Almendralejo, Los Alc\u00e1zares, M\u00e1laga, Almer\u00eda, Cuenca, Lloret de Mar) \u2013 1990, 2000, 2002, 2009<br \/>\u00a0 \u00a0 \u00a0 Switzerland (Fribourg) \u2013 1992<br \/>\u00a0 \u00a0 \u00a0 Turkey (Ankara, Istanbul, Izmir) \u2013 1992, 1997, 2002, 2004, 2011<br \/>\u00a0 \u00a0 \u00a0 USA (Silver Dollar City &#8211; Missouri, Nashville \u2013 Tennessee, Waynesville &#8211; North Carolina) \u2013 1996, 1998, 2007<br \/>\u00a0 \u00a0 \u00a0 France (Chamb\u00e9ry, Lyon) \u2013 2008, 2019<\/p>\n<p><strong>\u00a0 \u00a0 \u00a0 Artistic Director: Bojan Trajcheski<\/strong><\/p>\n<p>[\/et_pb_text][\/et_pb_column][et_pb_column type=&#8221;1_2&#8243; _builder_version=&#8221;4.21.0&#8243; _module_preset=&#8221;default&#8221; global_colors_info=&#8221;{}&#8221;][et_pb_gallery gallery_ids=&#8221;10535,10533,10531,10529,10527,10525,10523,10521,10519,10517&#8243; show_title_and_caption=&#8221;off&#8221; _builder_version=&#8221;4.21.0&#8243; _module_preset=&#8221;default&#8221; global_colors_info=&#8221;{}&#8221;][\/et_pb_gallery][\/et_pb_column][\/et_pb_row][\/et_pb_section]<\/p>\n","protected":false},"excerpt":{"rendered":"<p>\u00a0 \u00a0 \u00a0 The ensemble &#8220;Oteks Folk&#8221; traces its illustrious journey back to 1983, when it was founded as a cultural association within the vibrant community of the textile factory &#8220;Oteks&#8221; in Ohrid, Macedonia. Originally formed by passionate and talented dancers from the families of factory employees, the ensemble quickly grew into a cherished institution. [&hellip;]<\/p>\n","protected":false},"author":3,"featured_media":10527,"comment_status":"closed","ping_status":"closed","sticky":false,"template":"","format":"standard","meta":{"_et_pb_use_builder":"on","_et_pb_old_content":"","_et_gb_content_width":"1080","footnotes":""},"categories":[41],"tags":[],"class_list":["post-9870","post","type-post","status-publish","format-standard","has-post-thumbnail","hentry","category-contest-participantas-2025"],"_links":{"self":[{"href":"https:\/\/saulesziedas.lt\/en\/wp-json\/wp\/v2\/posts\/9870","targetHints":{"allow":["GET"]}}],"collection":[{"href":"https:\/\/saulesziedas.lt\/en\/wp-json\/wp\/v2\/posts"}],"about":[{"href":"https:\/\/saulesziedas.lt\/en\/wp-json\/wp\/v2\/types\/post"}],"author":[{"embeddable":true,"href":"https:\/\/saulesziedas.lt\/en\/wp-json\/wp\/v2\/users\/3"}],"replies":[{"embeddable":true,"href":"https:\/\/saulesziedas.lt\/en\/wp-json\/wp\/v2\/comments?post=9870"}],"version-history":[{"count":16,"href":"https:\/\/saulesziedas.lt\/en\/wp-json\/wp\/v2\/posts\/9870\/revisions"}],"predecessor-version":[{"id":11891,"href":"https:\/\/saulesziedas.lt\/en\/wp-json\/wp\/v2\/posts\/9870\/revisions\/11891"}],"wp:featuredmedia":[{"embeddable":true,"href":"https:\/\/saulesziedas.lt\/en\/wp-json\/wp\/v2\/media\/10527"}],"wp:attachment":[{"href":"https:\/\/saulesziedas.lt\/en\/wp-json\/wp\/v2\/media?parent=9870"}],"wp:term":[{"taxonomy":"category","embeddable":true,"href":"https:\/\/saulesziedas.lt\/en\/wp-json\/wp\/v2\/categories?post=9870"},{"taxonomy":"post_tag","embeddable":true,"href":"https:\/\/saulesziedas.lt\/en\/wp-json\/wp\/v2\/tags?post=9870"}],"curies":[{"name":"wp","href":"https:\/\/api.w.org\/{rel}","templated":true}]}}